{"id":34993,"date":"2022-07-02T13:42:25","date_gmt":"2022-07-02T13:42:25","guid":{"rendered":"https:\/\/armstrongyregion.com.ar\/diario\/?p=34993"},"modified":"2022-07-02T13:42:26","modified_gmt":"2022-07-02T13:42:26","slug":"canada-de-gomez-un-auto-se-estrello-contra-un-arbol-y-tres-ocupantes-resultaron-con-lesiones","status":"publish","type":"post","link":"https:\/\/armstrongyregion.com.ar\/diario\/canada-de-gomez-un-auto-se-estrello-contra-un-arbol-y-tres-ocupantes-resultaron-con-lesiones\/","title":{"rendered":"Ca\u00f1ada de G\u00f3mez. Un auto se estrell\u00f3 contra un \u00e1rbol y tres ocupantes resultaron con lesiones."},"content":{"rendered":"\n<figure class=\"wp-block-image size-large\"><img loading=\"lazy\" decoding=\"async\" width=\"640\" height=\"360\" src=\"http:\/\/armstrongyregion.com.ar\/diario\/wp-content\/uploads\/2022\/07\/Pablo-Ferrari-.jpg\" alt=\"\" class=\"wp-image-34994\" srcset=\"https:\/\/armstrongyregion.com.ar\/diario\/wp-content\/uploads\/2022\/07\/Pablo-Ferrari-.jpg 640w, https:\/\/armstrongyregion.com.ar\/diario\/wp-content\/uploads\/2022\/07\/Pablo-Ferrari--300x169.jpg 300w\" sizes=\"auto, (max-width: 640px) 100vw, 640px\" \/><\/figure>\n\n\n\n<h2 class=\"wp-block-heading\"> Ocurri\u00f3 en la madrugada de este s\u00e1bado, en Espa\u00f1a al 400. Se investigaba si particip\u00f3 otro veh\u00edculo en el incidente. <\/h2>\n\n\n\n<p> El conductor de un VW Gol que circulaba por calle Espa\u00f1a al 400, entre Brown y Romegialli, perdi\u00f3 el control del veh\u00edculo, ascendi\u00f3 a la vereda, y se estrello contra uno de los ejemplares de pl\u00e1tanos del arbolado p\u00fablico.<br>Tres ocupantes del coche, todos oriundos de Armstrong, resultaron lesionados y fueron trasladados al Hospital San Jos\u00e9. <\/p>\n\n\n\n<p>En apariencia, en el incidente no habr\u00eda intervenido otro autom\u00f3vil, aunque se iban a inspeccionar im\u00e1genes de c\u00e1maras de la zona para corroborarlo.<\/p>\n\n\n\n<p><br>Al lugar del siniestro concurrieron Bomberos de Ca\u00f1ada de G\u00f3mez, Polic\u00eda, Protecci\u00f3n Civil y el servicio de emergencia m\u00e9dico CEMI. <\/p>\n\n\n\n<p>Fuente; Otro D\u00eda.Com<\/p>\n\n\n\n<p>Fotograf\u00eda: Pablo Ferrari. Diario Ca\u00f1ada.<\/p>\n","protected":false},"excerpt":{"rendered":"<p>Ocurri\u00f3 en la madrugada de este s\u00e1bado, en Espa\u00f1a al 400. Se investigaba si particip\u00f3 otro veh\u00edculo en el incidente. El conductor de un VW Gol que circulaba por calle Espa\u00f1a al 400, entre Brown y Romegialli, perdi\u00f3 el control del veh\u00edculo, ascendi\u00f3 a la vereda, y se estrello contra uno de los ejemplares de <a href=\"https:\/\/armstrongyregion.com.ar\/diario\/canada-de-gomez-un-auto-se-estrello-contra-un-arbol-y-tres-ocupantes-resultaron-con-lesiones\/\" title=\"Read more\" >&#8230;<\/a><\/p>\n","protected":false},"author":1,"featured_media":34994,"comment_status":"open","ping_status":"open","sticky":false,"template":"","format":"image","meta":{"_jetpack_memberships_contains_paid_content":false,"footnotes":"","jetpack_publicize_message":"","jetpack_publicize_feature_enabled":true,"jetpack_social_post_already_shared":true,"jetpack_social_options":{"image_generator_settings":{"template":"highway","default_image_id":0,"enabled":false},"version":2}},"categories":[8,1,2,7,3],"tags":[],"class_list":["post-34993","post","type-post","status-publish","format-image","has-post-thumbnail","hentry","category-deliberando","category-diario-armstrong","category-locales","category-politica","category-region","post_format-post-format-image"],"jetpack_publicize_connections":[],"jetpack_featured_media_url":"https:\/\/armstrongyregion.com.ar\/diario\/wp-content\/uploads\/2022\/07\/Pablo-Ferrari-.jpg","jetpack_shortlink":"https:\/\/wp.me\/p62QDO-96p","jetpack_sharing_enabled":true,"amp_enabled":true,"_links":{"self":[{"href":"https:\/\/armstrongyregion.com.ar\/diario\/wp-json\/wp\/v2\/posts\/34993","targetHints":{"allow":["GET"]}}],"collection":[{"href":"https:\/\/armstrongyregion.com.ar\/diario\/wp-json\/wp\/v2\/posts"}],"about":[{"href":"https:\/\/armstrongyregion.com.ar\/diario\/wp-json\/wp\/v2\/types\/post"}],"author":[{"embeddable":true,"href":"https:\/\/armstrongyregion.com.ar\/diario\/wp-json\/wp\/v2\/users\/1"}],"replies":[{"embeddable":true,"href":"https:\/\/armstrongyregion.com.ar\/diario\/wp-json\/wp\/v2\/comments?post=34993"}],"version-history":[{"count":1,"href":"https:\/\/armstrongyregion.com.ar\/diario\/wp-json\/wp\/v2\/posts\/34993\/revisions"}],"predecessor-version":[{"id":34995,"href":"https:\/\/armstrongyregion.com.ar\/diario\/wp-json\/wp\/v2\/posts\/34993\/revisions\/34995"}],"wp:featuredmedia":[{"embeddable":true,"href":"https:\/\/armstrongyregion.com.ar\/diario\/wp-json\/wp\/v2\/media\/34994"}],"wp:attachment":[{"href":"https:\/\/armstrongyregion.com.ar\/diario\/wp-json\/wp\/v2\/media?parent=34993"}],"wp:term":[{"taxonomy":"category","embeddable":true,"href":"https:\/\/armstrongyregion.com.ar\/diario\/wp-json\/wp\/v2\/categories?post=34993"},{"taxonomy":"post_tag","embeddable":true,"href":"https:\/\/armstrongyregion.com.ar\/diario\/wp-json\/wp\/v2\/tags?post=34993"}],"curies":[{"name":"wp","href":"https:\/\/api.w.org\/{rel}","templated":true}]}}