{"id":34990,"date":"2022-07-02T01:02:08","date_gmt":"2022-07-02T01:02:08","guid":{"rendered":"https:\/\/armstrongyregion.com.ar\/diario\/?p=34990"},"modified":"2022-07-02T01:02:09","modified_gmt":"2022-07-02T01:02:09","slug":"armstrong-charla-de-veteranos-de-la-guerra-de-malvinas","status":"publish","type":"post","link":"https:\/\/armstrongyregion.com.ar\/diario\/armstrong-charla-de-veteranos-de-la-guerra-de-malvinas\/","title":{"rendered":"Armstrong. Charla de veteranos de la guerra de Malvinas."},"content":{"rendered":"\n<figure class=\"wp-block-image size-large\"><img loading=\"lazy\" decoding=\"async\" width=\"640\" height=\"639\" src=\"http:\/\/armstrongyregion.com.ar\/diario\/wp-content\/uploads\/2022\/07\/placa_charla_excombatientes.jpg\" alt=\"\" class=\"wp-image-34991\" srcset=\"https:\/\/armstrongyregion.com.ar\/diario\/wp-content\/uploads\/2022\/07\/placa_charla_excombatientes.jpg 640w, https:\/\/armstrongyregion.com.ar\/diario\/wp-content\/uploads\/2022\/07\/placa_charla_excombatientes-300x300.jpg 300w, https:\/\/armstrongyregion.com.ar\/diario\/wp-content\/uploads\/2022\/07\/placa_charla_excombatientes-150x150.jpg 150w\" sizes=\"auto, (max-width: 640px) 100vw, 640px\" \/><\/figure>\n\n\n\n<p>La Municipalidad de Armstrong junto a la Asociaci\u00f3n \u201cMalvinas, Educaci\u00f3n y Valores\u201d invita a participar de las charlas ofrecidas por veteranos de la guerra de Malvinas, el d\u00eda martes 5 de julio en el auditorio Delmo Dar\u00f3.<\/p>\n\n\n\n<p>En el marco de los 40 a\u00f1os del conflicto b\u00e9lico, integrantes de dicha asociaci\u00f3n visitan diversos lugares del pa\u00eds donde son convocados y, en este caso, llegan a nuestra ciudad.<\/p>\n\n\n\n<p>\u201cMalvinas, Educaci\u00f3n y Valores\u201d est\u00e1 integrada por veteranos de guerra con una visi\u00f3n basada en los valores, la vida, el amor por lo nuestro.<\/p>\n\n\n\n<p>La guerra les ense\u00f1\u00f3 la importancia del compa\u00f1ero, de trabajar en equipo, la importancia de la fe y de la familia. Intentan transmitir un mensaje esperanzador y concientizar, a trav\u00e9s de la experiencia que han vivido, que se puede construir despu\u00e9s de la destrucci\u00f3n, volver a nacer despu\u00e9s de la muerte, y enfatizar que ante cualquier situaci\u00f3n traum\u00e1tica que nos toque vivir, siempre vale la pena \u201csalir de la trinchera\u201d para enfrentar la vida.\u00a0<\/p>\n\n\n\n<p>Las charlas ser\u00e1n: por la ma\u00f1ana para alumnos del nivel medio, por la tarde alumnos de 7\u00b0 grado.<\/p>\n\n\n\n<p>Se invita a todas las instituciones locales y p\u00fablico en general para las 19 hs., momento en el que asistir\u00e1n tambi\u00e9n los alumnos del EEMPA.<\/p>\n","protected":false},"excerpt":{"rendered":"<p>La Municipalidad de Armstrong junto a la Asociaci\u00f3n \u201cMalvinas, Educaci\u00f3n y Valores\u201d invita a participar de las charlas ofrecidas por veteranos de la guerra de Malvinas, el d\u00eda martes 5 de julio en el auditorio Delmo Dar\u00f3. En el marco de los 40 a\u00f1os del conflicto b\u00e9lico, integrantes de dicha asociaci\u00f3n visitan diversos lugares del <a href=\"https:\/\/armstrongyregion.com.ar\/diario\/armstrong-charla-de-veteranos-de-la-guerra-de-malvinas\/\" title=\"Read more\" >&#8230;<\/a><\/p>\n","protected":false},"author":1,"featured_media":34991,"comment_status":"open","ping_status":"open","sticky":false,"template":"","format":"image","meta":{"_jetpack_memberships_contains_paid_content":false,"footnotes":"","jetpack_publicize_message":"","jetpack_publicize_feature_enabled":true,"jetpack_social_post_already_shared":true,"jetpack_social_options":{"image_generator_settings":{"template":"highway","default_image_id":0,"enabled":false},"version":2}},"categories":[6,8,1,2,7,3],"tags":[],"class_list":["post-34990","post","type-post","status-publish","format-image","has-post-thumbnail","hentry","category-cultura-entretenimiento","category-deliberando","category-diario-armstrong","category-locales","category-politica","category-region","post_format-post-format-image"],"jetpack_publicize_connections":[],"jetpack_featured_media_url":"https:\/\/armstrongyregion.com.ar\/diario\/wp-content\/uploads\/2022\/07\/placa_charla_excombatientes.jpg","jetpack_shortlink":"https:\/\/wp.me\/p62QDO-96m","jetpack_sharing_enabled":true,"amp_enabled":true,"_links":{"self":[{"href":"https:\/\/armstrongyregion.com.ar\/diario\/wp-json\/wp\/v2\/posts\/34990","targetHints":{"allow":["GET"]}}],"collection":[{"href":"https:\/\/armstrongyregion.com.ar\/diario\/wp-json\/wp\/v2\/posts"}],"about":[{"href":"https:\/\/armstrongyregion.com.ar\/diario\/wp-json\/wp\/v2\/types\/post"}],"author":[{"embeddable":true,"href":"https:\/\/armstrongyregion.com.ar\/diario\/wp-json\/wp\/v2\/users\/1"}],"replies":[{"embeddable":true,"href":"https:\/\/armstrongyregion.com.ar\/diario\/wp-json\/wp\/v2\/comments?post=34990"}],"version-history":[{"count":1,"href":"https:\/\/armstrongyregion.com.ar\/diario\/wp-json\/wp\/v2\/posts\/34990\/revisions"}],"predecessor-version":[{"id":34992,"href":"https:\/\/armstrongyregion.com.ar\/diario\/wp-json\/wp\/v2\/posts\/34990\/revisions\/34992"}],"wp:featuredmedia":[{"embeddable":true,"href":"https:\/\/armstrongyregion.com.ar\/diario\/wp-json\/wp\/v2\/media\/34991"}],"wp:attachment":[{"href":"https:\/\/armstrongyregion.com.ar\/diario\/wp-json\/wp\/v2\/media?parent=34990"}],"wp:term":[{"taxonomy":"category","embeddable":true,"href":"https:\/\/armstrongyregion.com.ar\/diario\/wp-json\/wp\/v2\/categories?post=34990"},{"taxonomy":"post_tag","embeddable":true,"href":"https:\/\/armstrongyregion.com.ar\/diario\/wp-json\/wp\/v2\/tags?post=34990"}],"curies":[{"name":"wp","href":"https:\/\/api.w.org\/{rel}","templated":true}]}}