{"id":34987,"date":"2022-07-02T00:58:43","date_gmt":"2022-07-02T00:58:43","guid":{"rendered":"https:\/\/armstrongyregion.com.ar\/diario\/?p=34987"},"modified":"2022-07-02T00:58:44","modified_gmt":"2022-07-02T00:58:44","slug":"la-intendenta-clerici-presente-en-la-feria-de-ciencias-de-la-escuela-sarmiento","status":"publish","type":"post","link":"https:\/\/armstrongyregion.com.ar\/diario\/la-intendenta-clerici-presente-en-la-feria-de-ciencias-de-la-escuela-sarmiento\/","title":{"rendered":"La intendenta Cl\u00e9rici presente en la Feria de Ciencias de la Escuela Sarmiento."},"content":{"rendered":"\n<figure class=\"wp-block-image size-large\"><img loading=\"lazy\" decoding=\"async\" width=\"400\" height=\"267\" src=\"http:\/\/armstrongyregion.com.ar\/diario\/wp-content\/uploads\/2022\/07\/clerici-feria-cs-.jpg\" alt=\"\" class=\"wp-image-34988\" srcset=\"https:\/\/armstrongyregion.com.ar\/diario\/wp-content\/uploads\/2022\/07\/clerici-feria-cs-.jpg 400w, https:\/\/armstrongyregion.com.ar\/diario\/wp-content\/uploads\/2022\/07\/clerici-feria-cs--300x200.jpg 300w\" sizes=\"auto, (max-width: 400px) 100vw, 400px\" \/><\/figure>\n\n\n\n<p>La intendenta Stella Cl\u00e9rici y los concejales Marcelo Casalegno, Marisel Loyola y H\u00e9ctor &nbsp;&nbsp;Wytrykusz participaron del acto de inauguraci\u00f3n de la Feria de Ciencias y Tecnolog\u00eda que tiene lugar durante toda la jornada hoy en la Escuela n\u00ba 491 \u00abDomingo Faustino Sarmiento\u00bb.<\/p>\n\n\n\n<p>La intendenta Cl\u00e9rici destac\u00f3 que \u201ces muy interesante porque mueve a la educaci\u00f3n desde otro lugar y es muy importante que los chicos puedan trabajar con su proyecto de investigaci\u00f3n en el aula\u201d.&nbsp;En esta iniciativa, los alumnos como protagonistas y los docentes como asesores, abordan problem\u00e1ticas sociales y culturales con trabajos desde las \u00e1reas de Ciencias Naturales, Ciencias Sociales, Educaci\u00f3n, Tecnolog\u00eda y Matem\u00e1tica.&nbsp;<\/p>\n","protected":false},"excerpt":{"rendered":"<p>La intendenta Stella Cl\u00e9rici y los concejales Marcelo Casalegno, Marisel Loyola y H\u00e9ctor &nbsp;&nbsp;Wytrykusz participaron del acto de inauguraci\u00f3n de la Feria de Ciencias y Tecnolog\u00eda que tiene lugar durante toda la jornada hoy en la Escuela n\u00ba 491 \u00abDomingo Faustino Sarmiento\u00bb. La intendenta Cl\u00e9rici destac\u00f3 que \u201ces muy interesante porque mueve a la educaci\u00f3n <a href=\"https:\/\/armstrongyregion.com.ar\/diario\/la-intendenta-clerici-presente-en-la-feria-de-ciencias-de-la-escuela-sarmiento\/\" title=\"Read more\" >&#8230;<\/a><\/p>\n","protected":false},"author":1,"featured_media":34988,"comment_status":"open","ping_status":"open","sticky":false,"template":"","format":"image","meta":{"_jetpack_memberships_contains_paid_content":false,"footnotes":"","jetpack_publicize_message":"","jetpack_publicize_feature_enabled":true,"jetpack_social_post_already_shared":true,"jetpack_social_options":{"image_generator_settings":{"template":"highway","default_image_id":0,"enabled":false},"version":2}},"categories":[8,1,7,3],"tags":[],"class_list":["post-34987","post","type-post","status-publish","format-image","has-post-thumbnail","hentry","category-deliberando","category-diario-armstrong","category-politica","category-region","post_format-post-format-image"],"jetpack_publicize_connections":[],"jetpack_featured_media_url":"https:\/\/armstrongyregion.com.ar\/diario\/wp-content\/uploads\/2022\/07\/clerici-feria-cs-.jpg","jetpack_shortlink":"https:\/\/wp.me\/p62QDO-96j","jetpack_sharing_enabled":true,"amp_enabled":true,"_links":{"self":[{"href":"https:\/\/armstrongyregion.com.ar\/diario\/wp-json\/wp\/v2\/posts\/34987","targetHints":{"allow":["GET"]}}],"collection":[{"href":"https:\/\/armstrongyregion.com.ar\/diario\/wp-json\/wp\/v2\/posts"}],"about":[{"href":"https:\/\/armstrongyregion.com.ar\/diario\/wp-json\/wp\/v2\/types\/post"}],"author":[{"embeddable":true,"href":"https:\/\/armstrongyregion.com.ar\/diario\/wp-json\/wp\/v2\/users\/1"}],"replies":[{"embeddable":true,"href":"https:\/\/armstrongyregion.com.ar\/diario\/wp-json\/wp\/v2\/comments?post=34987"}],"version-history":[{"count":1,"href":"https:\/\/armstrongyregion.com.ar\/diario\/wp-json\/wp\/v2\/posts\/34987\/revisions"}],"predecessor-version":[{"id":34989,"href":"https:\/\/armstrongyregion.com.ar\/diario\/wp-json\/wp\/v2\/posts\/34987\/revisions\/34989"}],"wp:featuredmedia":[{"embeddable":true,"href":"https:\/\/armstrongyregion.com.ar\/diario\/wp-json\/wp\/v2\/media\/34988"}],"wp:attachment":[{"href":"https:\/\/armstrongyregion.com.ar\/diario\/wp-json\/wp\/v2\/media?parent=34987"}],"wp:term":[{"taxonomy":"category","embeddable":true,"href":"https:\/\/armstrongyregion.com.ar\/diario\/wp-json\/wp\/v2\/categories?post=34987"},{"taxonomy":"post_tag","embeddable":true,"href":"https:\/\/armstrongyregion.com.ar\/diario\/wp-json\/wp\/v2\/tags?post=34987"}],"curies":[{"name":"wp","href":"https:\/\/api.w.org\/{rel}","templated":true}]}}