{"id":34984,"date":"2022-07-02T00:52:50","date_gmt":"2022-07-02T00:52:50","guid":{"rendered":"https:\/\/armstrongyregion.com.ar\/diario\/?p=34984"},"modified":"2022-07-02T00:52:51","modified_gmt":"2022-07-02T00:52:51","slug":"montes-de-oca-arranco-la-fiesta-provincial-del-asador-2022","status":"publish","type":"post","link":"https:\/\/armstrongyregion.com.ar\/diario\/montes-de-oca-arranco-la-fiesta-provincial-del-asador-2022\/","title":{"rendered":"Montes de Oca. Arranc\u00f3 la FIESTA PROVINCIAL DEL ASADOR 2022."},"content":{"rendered":"\n<figure class=\"wp-block-image size-large\"><img loading=\"lazy\" decoding=\"async\" width=\"750\" height=\"662\" src=\"http:\/\/armstrongyregion.com.ar\/diario\/wp-content\/uploads\/2022\/07\/fiesta-asador-2022-.jpg\" alt=\"\" class=\"wp-image-34985\" srcset=\"https:\/\/armstrongyregion.com.ar\/diario\/wp-content\/uploads\/2022\/07\/fiesta-asador-2022-.jpg 750w, https:\/\/armstrongyregion.com.ar\/diario\/wp-content\/uploads\/2022\/07\/fiesta-asador-2022--300x265.jpg 300w\" sizes=\"auto, (max-width: 750px) 100vw, 750px\" \/><\/figure>\n\n\n\n<p> El gran evento art\u00edstico de la regi\u00f3n ya comenz\u00f3, si bien todav\u00eda falta para diciembre, el camino que nos deja en la noche de los asadores arranc\u00f3 anoche en el Centro Cultural de la Comuna de Montes de Oca. Es que secundado por Juli\u00e1n Lencina y Alejandro Mansilla, el presidente comunal Emanuel Sagripanti lanz\u00f3 la edici\u00f3n 2022 de la FIESTA PROVINCIAL DEL ASADOR, luego del impasse que significaron los a\u00f1os de pandemia. Con la vara de la \u00faltima fiesta realmente alta, se present\u00f3 una propuesta destinada a mantener lo que ya podemos definir como un est\u00e1ndar. Con centro en la competencia de los asadores, al d\u00eda de hoy ya hay 45 inscriptos, la propuesta del escenario tendr\u00e1 como figuras destacadas al humorista Norberto \u201cPopo\u201d Giaveno, Natalia Pastorutti y Destino San Javier. Si bien resta definir los puntos de venta regionales, las entradas tienes valores diferenciados, dependiendo de la anticipaci\u00f3n con la que se adquieran, as\u00ed en los meses de agosto y septiembre el costo es de $500,00.- octubre y noviembre $1000,00.- y en los 10 d\u00edas de diciembre $1500,00.- La expectativa por el reencuentro del p\u00fablico, monteoquino y de la regi\u00f3n, con el gran evento de la cultura nacional en nuestra zona no puede estar m\u00e1s alta, fueron dos largos a\u00f1os que nos preparan para una noche en que nos daremos todos los abrazos que nos tenemos prometidos, acompa\u00f1ados de la mejor carne del mundo y la m\u00fasica m\u00e1s linda. <\/p>\n","protected":false},"excerpt":{"rendered":"<p>El gran evento art\u00edstico de la regi\u00f3n ya comenz\u00f3, si bien todav\u00eda falta para diciembre, el camino que nos deja en la noche de los asadores arranc\u00f3 anoche en el Centro Cultural de la Comuna de Montes de Oca. Es que secundado por Juli\u00e1n Lencina y Alejandro Mansilla, el presidente comunal Emanuel Sagripanti lanz\u00f3 la <a href=\"https:\/\/armstrongyregion.com.ar\/diario\/montes-de-oca-arranco-la-fiesta-provincial-del-asador-2022\/\" title=\"Read more\" >&#8230;<\/a><\/p>\n","protected":false},"author":1,"featured_media":34985,"comment_status":"open","ping_status":"open","sticky":false,"template":"","format":"image","meta":{"_jetpack_memberships_contains_paid_content":false,"footnotes":"","jetpack_publicize_message":"","jetpack_publicize_feature_enabled":true,"jetpack_social_post_already_shared":true,"jetpack_social_options":{"image_generator_settings":{"template":"highway","default_image_id":0,"enabled":false},"version":2}},"categories":[6,8,1,2,7,3],"tags":[],"class_list":["post-34984","post","type-post","status-publish","format-image","has-post-thumbnail","hentry","category-cultura-entretenimiento","category-deliberando","category-diario-armstrong","category-locales","category-politica","category-region","post_format-post-format-image"],"jetpack_publicize_connections":[],"jetpack_featured_media_url":"https:\/\/armstrongyregion.com.ar\/diario\/wp-content\/uploads\/2022\/07\/fiesta-asador-2022-.jpg","jetpack_shortlink":"https:\/\/wp.me\/p62QDO-96g","jetpack_sharing_enabled":true,"amp_enabled":true,"_links":{"self":[{"href":"https:\/\/armstrongyregion.com.ar\/diario\/wp-json\/wp\/v2\/posts\/34984","targetHints":{"allow":["GET"]}}],"collection":[{"href":"https:\/\/armstrongyregion.com.ar\/diario\/wp-json\/wp\/v2\/posts"}],"about":[{"href":"https:\/\/armstrongyregion.com.ar\/diario\/wp-json\/wp\/v2\/types\/post"}],"author":[{"embeddable":true,"href":"https:\/\/armstrongyregion.com.ar\/diario\/wp-json\/wp\/v2\/users\/1"}],"replies":[{"embeddable":true,"href":"https:\/\/armstrongyregion.com.ar\/diario\/wp-json\/wp\/v2\/comments?post=34984"}],"version-history":[{"count":1,"href":"https:\/\/armstrongyregion.com.ar\/diario\/wp-json\/wp\/v2\/posts\/34984\/revisions"}],"predecessor-version":[{"id":34986,"href":"https:\/\/armstrongyregion.com.ar\/diario\/wp-json\/wp\/v2\/posts\/34984\/revisions\/34986"}],"wp:featuredmedia":[{"embeddable":true,"href":"https:\/\/armstrongyregion.com.ar\/diario\/wp-json\/wp\/v2\/media\/34985"}],"wp:attachment":[{"href":"https:\/\/armstrongyregion.com.ar\/diario\/wp-json\/wp\/v2\/media?parent=34984"}],"wp:term":[{"taxonomy":"category","embeddable":true,"href":"https:\/\/armstrongyregion.com.ar\/diario\/wp-json\/wp\/v2\/categories?post=34984"},{"taxonomy":"post_tag","embeddable":true,"href":"https:\/\/armstrongyregion.com.ar\/diario\/wp-json\/wp\/v2\/tags?post=34984"}],"curies":[{"name":"wp","href":"https:\/\/api.w.org\/{rel}","templated":true}]}}