{"id":34965,"date":"2022-06-30T03:44:01","date_gmt":"2022-06-30T03:44:01","guid":{"rendered":"https:\/\/armstrongyregion.com.ar\/diario\/?p=34965"},"modified":"2022-06-30T03:44:02","modified_gmt":"2022-06-30T03:44:02","slug":"armstrong-la-escuela-de-comercio-n-51-celebro-un-nuevo-aniversario","status":"publish","type":"post","link":"https:\/\/armstrongyregion.com.ar\/diario\/armstrong-la-escuela-de-comercio-n-51-celebro-un-nuevo-aniversario\/","title":{"rendered":"Armstrong. La Escuela de Comercio N\u00b0 51 celebr\u00f3 un nuevo aniversario."},"content":{"rendered":"\n<figure class=\"wp-block-image size-large\"><img loading=\"lazy\" decoding=\"async\" width=\"841\" height=\"657\" src=\"http:\/\/armstrongyregion.com.ar\/diario\/wp-content\/uploads\/2022\/06\/Cumple-Comercio-1-.jpg\" alt=\"\" class=\"wp-image-34966\" srcset=\"https:\/\/armstrongyregion.com.ar\/diario\/wp-content\/uploads\/2022\/06\/Cumple-Comercio-1-.jpg 841w, https:\/\/armstrongyregion.com.ar\/diario\/wp-content\/uploads\/2022\/06\/Cumple-Comercio-1--300x234.jpg 300w, https:\/\/armstrongyregion.com.ar\/diario\/wp-content\/uploads\/2022\/06\/Cumple-Comercio-1--768x600.jpg 768w\" sizes=\"auto, (max-width: 841px) 100vw, 841px\" \/><\/figure>\n\n\n\n<p>\nEl 25 de junio la Escuela de Comercio cumpli\u00f3 63 a\u00f1os de su\noficializaci\u00f3n. Si hacemos un poco de historia tanto la Escuela\nNacional N.\u00ba 33 como la Escuela de Comercio N.\u00ba 51 arrancan en 1954\nadjuntas de instituciones de la ciudad de Rosario. \n<\/p>\n\n\n\n<figure class=\"wp-block-image size-large\"><img loading=\"lazy\" decoding=\"async\" width=\"896\" height=\"682\" src=\"http:\/\/armstrongyregion.com.ar\/diario\/wp-content\/uploads\/2022\/06\/Jose-Luis-Ramaciotti-.jpg\" alt=\"\" class=\"wp-image-34967\" srcset=\"https:\/\/armstrongyregion.com.ar\/diario\/wp-content\/uploads\/2022\/06\/Jose-Luis-Ramaciotti-.jpg 896w, https:\/\/armstrongyregion.com.ar\/diario\/wp-content\/uploads\/2022\/06\/Jose-Luis-Ramaciotti--300x228.jpg 300w, https:\/\/armstrongyregion.com.ar\/diario\/wp-content\/uploads\/2022\/06\/Jose-Luis-Ramaciotti--768x585.jpg 768w\" sizes=\"auto, (max-width: 896px) 100vw, 896px\" \/><\/figure>\n\n\n\n<p>El d\u00eda martes se realiz\u00f3  un breve acto donde se record\u00f3  la oficializaci\u00f3n de del establecimiento,  al t\u00e9rmino del mismo, personal, alumnos, docentes y directivos compartieron caf\u00e9 y tortas para celebrar un nuevo aniversario.<\/p>\n\n\n\n<figure class=\"wp-block-image size-large\"><img loading=\"lazy\" decoding=\"async\" width=\"1000\" height=\"750\" src=\"http:\/\/armstrongyregion.com.ar\/diario\/wp-content\/uploads\/2022\/06\/Cumple-comercio-3-.jpg\" alt=\"\" class=\"wp-image-34969\" srcset=\"https:\/\/armstrongyregion.com.ar\/diario\/wp-content\/uploads\/2022\/06\/Cumple-comercio-3-.jpg 1000w, https:\/\/armstrongyregion.com.ar\/diario\/wp-content\/uploads\/2022\/06\/Cumple-comercio-3--300x225.jpg 300w, https:\/\/armstrongyregion.com.ar\/diario\/wp-content\/uploads\/2022\/06\/Cumple-comercio-3--768x576.jpg 768w\" sizes=\"auto, (max-width: 1000px) 100vw, 1000px\" \/><\/figure>\n\n\n\n<p>El Director de la entidad, Jose Luis Ramacciotti, en dialogo con los medios locales expresaba: \u201cEn sus comienzos, la Escuela de Comercio arranco donde era la Escuela T\u00e9cnica y el Colegio Nacional donde era la Escuela 262. Hoy en d\u00eda tenemos este hermoso edificio. Sinceramente estoy muy feliz y comprometido por todo el avance y el crecimiento. En aquel entonces hab\u00edan arrancado 42 estudiantes y hoy tenemos pr\u00e1cticamente  400 alumnos, esto no solo habla del incremento demogr\u00e1fico de Armstrong, sino tambi\u00e9n del compromiso de las familias de mandar a sus hijos a la escuela y apostar a la educaci\u00f3n\u201d.<\/p>\n\n\n\n<figure class=\"wp-block-image size-large\"><img loading=\"lazy\" decoding=\"async\" width=\"500\" height=\"375\" src=\"http:\/\/armstrongyregion.com.ar\/diario\/wp-content\/uploads\/2022\/06\/cumple-comercio-4-.jpg\" alt=\"\" class=\"wp-image-34968\" srcset=\"https:\/\/armstrongyregion.com.ar\/diario\/wp-content\/uploads\/2022\/06\/cumple-comercio-4-.jpg 500w, https:\/\/armstrongyregion.com.ar\/diario\/wp-content\/uploads\/2022\/06\/cumple-comercio-4--300x225.jpg 300w\" sizes=\"auto, (max-width: 500px) 100vw, 500px\" \/><\/figure>\n\n\n\n<p>Siguiendo la misma l\u00ednea de discurso Ramacciotti  dijo\u201dSe han aggiornado muchas cuestiones, limites y horizontes, se han implementado medidas para la integraci\u00f3n. Desde el a\u00f1o 2014 el ministerio de educaci\u00f3n posibilita el hecho de poder generar distintas terminalidades, las escuelas tienen el ciclo b\u00e1sico que es primero y segundo a\u00f1o, pero a partir de 3ro, 4to y 5to lo llamamos ciclo orientado y es all\u00ed donde el alumno puede elegir distintas orientaciones, nuestra escuela tiene bachiller en econom\u00eda y administraci\u00f3n, y tambi\u00e9n de ciencias sociales\u201d.<\/p>\n\n\n\n<p><\/p>\n","protected":false},"excerpt":{"rendered":"<p>El 25 de junio la Escuela de Comercio cumpli\u00f3 63 a\u00f1os de su oficializaci\u00f3n. Si hacemos un poco de historia tanto la Escuela Nacional N.\u00ba 33 como la Escuela de Comercio N.\u00ba 51 arrancan en 1954 adjuntas de instituciones de la ciudad de Rosario. El d\u00eda martes se realiz\u00f3 un breve acto donde se record\u00f3 <a href=\"https:\/\/armstrongyregion.com.ar\/diario\/armstrong-la-escuela-de-comercio-n-51-celebro-un-nuevo-aniversario\/\" title=\"Read more\" >&#8230;<\/a><\/p>\n","protected":false},"author":1,"featured_media":34966,"comment_status":"open","ping_status":"open","sticky":false,"template":"","format":"image","meta":{"_jetpack_memberships_contains_paid_content":false,"footnotes":"","jetpack_publicize_message":"","jetpack_publicize_feature_enabled":true,"jetpack_social_post_already_shared":true,"jetpack_social_options":{"image_generator_settings":{"template":"highway","default_image_id":0,"enabled":false},"version":2}},"categories":[6,8,1,2,3],"tags":[],"class_list":["post-34965","post","type-post","status-publish","format-image","has-post-thumbnail","hentry","category-cultura-entretenimiento","category-deliberando","category-diario-armstrong","category-locales","category-region","post_format-post-format-image"],"jetpack_publicize_connections":[],"jetpack_featured_media_url":"https:\/\/armstrongyregion.com.ar\/diario\/wp-content\/uploads\/2022\/06\/Cumple-Comercio-1-.jpg","jetpack_shortlink":"https:\/\/wp.me\/p62QDO-95X","jetpack_sharing_enabled":true,"amp_enabled":true,"_links":{"self":[{"href":"https:\/\/armstrongyregion.com.ar\/diario\/wp-json\/wp\/v2\/posts\/34965","targetHints":{"allow":["GET"]}}],"collection":[{"href":"https:\/\/armstrongyregion.com.ar\/diario\/wp-json\/wp\/v2\/posts"}],"about":[{"href":"https:\/\/armstrongyregion.com.ar\/diario\/wp-json\/wp\/v2\/types\/post"}],"author":[{"embeddable":true,"href":"https:\/\/armstrongyregion.com.ar\/diario\/wp-json\/wp\/v2\/users\/1"}],"replies":[{"embeddable":true,"href":"https:\/\/armstrongyregion.com.ar\/diario\/wp-json\/wp\/v2\/comments?post=34965"}],"version-history":[{"count":1,"href":"https:\/\/armstrongyregion.com.ar\/diario\/wp-json\/wp\/v2\/posts\/34965\/revisions"}],"predecessor-version":[{"id":34970,"href":"https:\/\/armstrongyregion.com.ar\/diario\/wp-json\/wp\/v2\/posts\/34965\/revisions\/34970"}],"wp:featuredmedia":[{"embeddable":true,"href":"https:\/\/armstrongyregion.com.ar\/diario\/wp-json\/wp\/v2\/media\/34966"}],"wp:attachment":[{"href":"https:\/\/armstrongyregion.com.ar\/diario\/wp-json\/wp\/v2\/media?parent=34965"}],"wp:term":[{"taxonomy":"category","embeddable":true,"href":"https:\/\/armstrongyregion.com.ar\/diario\/wp-json\/wp\/v2\/categories?post=34965"},{"taxonomy":"post_tag","embeddable":true,"href":"https:\/\/armstrongyregion.com.ar\/diario\/wp-json\/wp\/v2\/tags?post=34965"}],"curies":[{"name":"wp","href":"https:\/\/api.w.org\/{rel}","templated":true}]}}