{"id":34937,"date":"2022-06-28T03:54:22","date_gmt":"2022-06-28T03:54:22","guid":{"rendered":"https:\/\/armstrongyregion.com.ar\/diario\/?p=34937"},"modified":"2022-06-28T03:54:22","modified_gmt":"2022-06-28T03:54:22","slug":"la-provincia-lanzo-la-red-de-acompanantes-territoriales-lgbtiq","status":"publish","type":"post","link":"https:\/\/armstrongyregion.com.ar\/diario\/la-provincia-lanzo-la-red-de-acompanantes-territoriales-lgbtiq\/","title":{"rendered":"La provincia lanz\u00f3 la Red de Acompa\u00f1antes Territoriales LGBTIQ+."},"content":{"rendered":"\n<figure class=\"wp-block-image size-large\"><img loading=\"lazy\" decoding=\"async\" width=\"698\" height=\"466\" src=\"http:\/\/armstrongyregion.com.ar\/diario\/wp-content\/uploads\/2022\/06\/LGBT.jpg\" alt=\"\" class=\"wp-image-34938\" srcset=\"https:\/\/armstrongyregion.com.ar\/diario\/wp-content\/uploads\/2022\/06\/LGBT.jpg 698w, https:\/\/armstrongyregion.com.ar\/diario\/wp-content\/uploads\/2022\/06\/LGBT-300x200.jpg 300w\" sizes=\"auto, (max-width: 698px) 100vw, 698px\" \/><\/figure>\n\n\n\n<h2 class=\"wp-block-heading\"> El acto lanzamiento estuvo encabezado por la ministra de Igualdad, G\u00e9nero y Diversidad, Florencia Marinaro. Las personas integrantes de la red resultaron seleccionadas a partir de un proceso de convocatoria p\u00fablica y capacitadas para tal fin.<\/h2>\n\n\n\n<p>\n\nEl gobierno de Santa Fe, a trav\u00e9s del Ministerio de Igualdad, G\u00e9nero y Diversidad, lanz\u00f3 hoy, en el marco de la conmemoraci\u00f3n del D\u00eda Internacional del Orgullo LGBTIQ+, la Red de Acompa\u00f1antes LGBTIQ+, que persigue la finalidad de articular y garantizar el acceso a los recursos y programas del Estado para la mencionada, apuntando al fortalecimiento de las redes comunitarias contra las violencias y las desigualdades de g\u00e9nero.<br>La presentaci\u00f3n tuvo lugar este lunes en El Molino F\u00e1brica Cultural, de la ciudad de Santa Fe, y se realiz\u00f3 en el marco de la implementaci\u00f3n del programa de la Red de Acompa\u00f1antes Territoriales LGBTIQ+, tras haber finalizado el proceso de convocatoria y selecci\u00f3n p\u00fablica. Las y los acompa\u00f1antes territoriales ya formaron parte de un curso de capacitaci\u00f3n y durante la actividad se les entreg\u00f3 un kit para trabajar en el territorio.<br>Durante la actividad, la ministra de Igualdad, G\u00e9nero y Diversidad, Florencia Marinaro, se\u00f1al\u00f3: \u201cUn d\u00eda antes del 28 de junio, que es el D\u00eda Internacional de Orgullo LGTBIQ+, desde el Ministerio estamos lanzando la Red de Acompa\u00f1antes LGTBIQ+ en toda la provincia, previamente hicimos una convocatoria abierta en la que se inscribieron m\u00e1s de 100 personas, de las cuales 60 cursaron una formaci\u00f3n y capacitaci\u00f3n, y hoy 46 est\u00e1n ingresando como acompa\u00f1antes en 20 ciudades de la provincia. Estas personas se van a constituir como referentes y referentas territoriales en la provincia, para acompa\u00f1ar y promocionar las pol\u00edticas de diversidad sexual que el gobierno de la provincia viene llevando a cabo, y tambi\u00e9n para acompa\u00f1ar los procesos que la sociedad requiera\u201d.<br>\u201cEl rol de los y las acompa\u00f1antes tiene que ver con acercar el Estado a la comunidad, a la sociedad, pensemos que las ciudades m\u00e1s grandes tienen niveles de institucionalidad que acompa\u00f1an estos procesos pero no en todos los pueblos y ciudades de la provincia es de manera igualitaria. Por ello es necesario territorializar,&nbsp; que haya una referencia territorial, una persona que pueda acompa\u00f1ar, ya sea para el cambio de un DNI, una situaci\u00f3n de discriminaci\u00f3n, o cualquier vulneraci\u00f3n o garant\u00eda de un derecho que tenga que ver con a comunidad LGTBIQ+. Para que estas personas est\u00e9n referenciadas territorialmente, con el municipio y comuna, con las instituciones y con el Ministerio\u201d, agreg\u00f3.<br>En la misma l\u00ednea, la subsecretaria de Pol\u00edticas de Igualdad y Diversidad, Nerea Tacari, sostuvo: \u201cLo que buscamos justamente es generar dispositivos, acciones, en cada ciudad, en cada pueblo, en cada barrio, donde quiz\u00e1s, como dec\u00eda la ministra, los niveles de institucionalidad no son los mismos. La idea es poder generar eso, estar cerca de la gente, poder dar respuesta a derechos vulnerados hist\u00f3ricamente. Estar en territorio, trabajar en articulaci\u00f3n con los Puntos Violetas, con las \u00e1reas de g\u00e9nero, con las organizaciones, o sea, desplegar diferentes acciones y estrategias territoriales que tengan que ver con la promoci\u00f3n y la prevenci\u00f3n tambi\u00e9n de la violencias por motivos de g\u00e9nero\u201d.<br>Estuvieron presentes en el lanzamiento la secretaria de Mujeres, G\u00e9nero y Diversidad, Victoria M\u00e1ntaras; el director de Promoci\u00f3n de Derechos para la Igualdad, Mariano Espinosa; la concejala de Santa Fe, Jorgelina Mudallel; integrantes de las \u00e1reas locales de localidades de toda la provincia como Laura Cesano de G\u00e1lvez, directora de Derechos Humanos, G\u00e9nero y Diversidad de G\u00e1lvez; Florencia Costa, subdirectora de Mujeres y Disidencias, Florencia Costa;&nbsp; Carla Mora, secretaria de Desarrollo Social de la Municipalidad de Laguna Paiva; subsecretaria de Mujeres, ni\u00f1ez, adolescencia y discapacidad, Mariela Chile,&nbsp; entre otros y otras.<br>Luego de la presentaci\u00f3n oficial del Programa, en la que se entregaron certificados a las y los acompa\u00f1antes, se realiz\u00f3 una jornada de trabajo e integraci\u00f3n con los equipos del Ministerio de Igualdad, G\u00e9nero y Diversidad.&nbsp;<br>SOBRE EL PROGRAMA<br>El programa de la Red de Acompa\u00f1antes Territoriales LGBTIQ+, del Ministerio de Igualdad, G\u00e9nero y Diversidad de la Provincia de Santa Fe, consiste en la puesta en funcionamiento de un conjunto de dispositivos, acciones y herramientas de base territorial desplegadas con el objetivo de fortalecer las redes comunitarias contra las violencias y las desigualdades de g\u00e9nero, considerando especialmente los desaf\u00edos que la pandemia ha planteado.La Red re\u00fane y articula, de manera coordinada, un conjunto de acciones de diversos actores para aprovechar su potencial territorial y dar respuestas r\u00e1pidas y efectivas contra las violencias y las desigualdades basadas en el g\u00e9nero, as\u00ed como para transformar las din\u00e1micas jer\u00e1rquicas y las desigualdades de g\u00e9nero que atraviesan nuestras sociedades, para fomentar el acceso efectivo de las personas LGBTIQ+ a derechos fundamentales.\n\n<\/p>\n\n\n\n<p><\/p>\n\n\n\n<p><\/p>\n","protected":false},"excerpt":{"rendered":"<p>El acto lanzamiento estuvo encabezado por la ministra de Igualdad, G\u00e9nero y Diversidad, Florencia Marinaro. Las personas integrantes de la red resultaron seleccionadas a partir de un proceso de convocatoria p\u00fablica y capacitadas para tal fin. El gobierno de Santa Fe, a trav\u00e9s del Ministerio de Igualdad, G\u00e9nero y Diversidad, lanz\u00f3 hoy, en el marco <a href=\"https:\/\/armstrongyregion.com.ar\/diario\/la-provincia-lanzo-la-red-de-acompanantes-territoriales-lgbtiq\/\" title=\"Read more\" >&#8230;<\/a><\/p>\n","protected":false},"author":1,"featured_media":34938,"comment_status":"open","ping_status":"open","sticky":false,"template":"","format":"image","meta":{"_jetpack_memberships_contains_paid_content":false,"footnotes":"","jetpack_publicize_message":"","jetpack_publicize_feature_enabled":true,"jetpack_social_post_already_shared":true,"jetpack_social_options":{"image_generator_settings":{"template":"highway","default_image_id":0,"enabled":false},"version":2}},"categories":[8,1,2,7,3],"tags":[],"class_list":["post-34937","post","type-post","status-publish","format-image","has-post-thumbnail","hentry","category-deliberando","category-diario-armstrong","category-locales","category-politica","category-region","post_format-post-format-image"],"jetpack_publicize_connections":[],"jetpack_featured_media_url":"https:\/\/armstrongyregion.com.ar\/diario\/wp-content\/uploads\/2022\/06\/LGBT.jpg","jetpack_shortlink":"https:\/\/wp.me\/p62QDO-95v","jetpack_sharing_enabled":true,"amp_enabled":true,"_links":{"self":[{"href":"https:\/\/armstrongyregion.com.ar\/diario\/wp-json\/wp\/v2\/posts\/34937","targetHints":{"allow":["GET"]}}],"collection":[{"href":"https:\/\/armstrongyregion.com.ar\/diario\/wp-json\/wp\/v2\/posts"}],"about":[{"href":"https:\/\/armstrongyregion.com.ar\/diario\/wp-json\/wp\/v2\/types\/post"}],"author":[{"embeddable":true,"href":"https:\/\/armstrongyregion.com.ar\/diario\/wp-json\/wp\/v2\/users\/1"}],"replies":[{"embeddable":true,"href":"https:\/\/armstrongyregion.com.ar\/diario\/wp-json\/wp\/v2\/comments?post=34937"}],"version-history":[{"count":1,"href":"https:\/\/armstrongyregion.com.ar\/diario\/wp-json\/wp\/v2\/posts\/34937\/revisions"}],"predecessor-version":[{"id":34939,"href":"https:\/\/armstrongyregion.com.ar\/diario\/wp-json\/wp\/v2\/posts\/34937\/revisions\/34939"}],"wp:featuredmedia":[{"embeddable":true,"href":"https:\/\/armstrongyregion.com.ar\/diario\/wp-json\/wp\/v2\/media\/34938"}],"wp:attachment":[{"href":"https:\/\/armstrongyregion.com.ar\/diario\/wp-json\/wp\/v2\/media?parent=34937"}],"wp:term":[{"taxonomy":"category","embeddable":true,"href":"https:\/\/armstrongyregion.com.ar\/diario\/wp-json\/wp\/v2\/categories?post=34937"},{"taxonomy":"post_tag","embeddable":true,"href":"https:\/\/armstrongyregion.com.ar\/diario\/wp-json\/wp\/v2\/tags?post=34937"}],"curies":[{"name":"wp","href":"https:\/\/api.w.org\/{rel}","templated":true}]}}