{"id":34931,"date":"2022-06-28T02:47:06","date_gmt":"2022-06-28T02:47:06","guid":{"rendered":"https:\/\/armstrongyregion.com.ar\/diario\/?p=34931"},"modified":"2022-06-28T02:47:07","modified_gmt":"2022-06-28T02:47:07","slug":"multitudinario-recital-de-artistas-populares-organizado-por-el-municipio-en-el-teatro-cervantes","status":"publish","type":"post","link":"https:\/\/armstrongyregion.com.ar\/diario\/multitudinario-recital-de-artistas-populares-organizado-por-el-municipio-en-el-teatro-cervantes\/","title":{"rendered":"Multitudinario recital de artistas populares organizado por el municipio en el Teatro Cervantes."},"content":{"rendered":"\n<figure class=\"wp-block-image size-large\"><img loading=\"lazy\" decoding=\"async\" width=\"800\" height=\"530\" src=\"http:\/\/armstrongyregion.com.ar\/diario\/wp-content\/uploads\/2022\/06\/clerici.cervantes-.jpg\" alt=\"\" class=\"wp-image-34932\" srcset=\"https:\/\/armstrongyregion.com.ar\/diario\/wp-content\/uploads\/2022\/06\/clerici.cervantes-.jpg 800w, https:\/\/armstrongyregion.com.ar\/diario\/wp-content\/uploads\/2022\/06\/clerici.cervantes--300x199.jpg 300w, https:\/\/armstrongyregion.com.ar\/diario\/wp-content\/uploads\/2022\/06\/clerici.cervantes--768x509.jpg 768w\" sizes=\"auto, (max-width: 800px) 100vw, 800px\" \/><\/figure>\n\n\n\n<h2 class=\"wp-block-heading\"> <strong>Bajo la consigna \u201cCanto en Celeste y Blanco\u201d y en el marco de los festejos rumbo a los 100 a\u00f1os de ciudad, la gesti\u00f3n municipal realiz\u00f3 a sala llena un espect\u00e1culo musical con la actuaci\u00f3n de Julieta Marucco, Franco Massignani y el grupo Parejenses.\u00a0<\/strong> <\/h2>\n\n\n\n<p>\u201cEs un orgullo disfrutar de nuestros artistas populares y consagrados, m\u00e1s a\u00fan en nuestro querido Teatro Cervantes, donde estamos realizando importantes obras de conservaci\u00f3n y restauraci\u00f3n de este patrimonio hist\u00f3rico, cultural y arquitect\u00f3nico de todos los canadienses\u201d, expres\u00f3 con entusiasmo la intendenta municipal Stella Cl\u00e9rici. En tanto, el presidente del Concejo Municipal, Marcelo Casalegno, a\u00f1adi\u00f3: \u201cDesde el Municipio continuaremos impulsando propuestas para la gente, revalorizando tanto a nuestros artistas como a las salas y espacios culturales emblem\u00e1ticos de la ciudad\u201d.<br><\/p>\n\n\n\n<p>Por su parte, la secretaria de Educaci\u00f3n, Cultura y Deporte, Raquel Di Paola, destac\u00f3 que \u201csiempre es una enorme satisfacci\u00f3n propiciar desde el municipio, escenarios para que los artistas locales y regionales sigan brindando sus propuestas art\u00edsticas a la gente\u201d, e inform\u00f3 que se intensificar\u00e1n \u201clas diversas actividades como estas, planificadas en el marco del Centenario de la Declaratoria de Ciudad\u201d.<br><\/p>\n\n\n\n<p>Julieta Marucco, Franco Massignani y el grupo Parejenses brillaron sobre el escenario del Teatro Cervantes, ante una sala repleta que disfrut\u00f3 del espect\u00e1culo en la tarde del pasado domingo. Cabe agregar que en el marco de la actividad se realiz\u00f3 una colecta solidaria destinada al Centro de D\u00eda \u201cPeque\u00f1os Gigantes\u201d.<br><\/p>\n","protected":false},"excerpt":{"rendered":"<p>Bajo la consigna \u201cCanto en Celeste y Blanco\u201d y en el marco de los festejos rumbo a los 100 a\u00f1os de ciudad, la gesti\u00f3n municipal realiz\u00f3 a sala llena un espect\u00e1culo musical con la actuaci\u00f3n de Julieta Marucco, Franco Massignani y el grupo Parejenses.\u00a0 \u201cEs un orgullo disfrutar de nuestros artistas populares y consagrados, m\u00e1s <a href=\"https:\/\/armstrongyregion.com.ar\/diario\/multitudinario-recital-de-artistas-populares-organizado-por-el-municipio-en-el-teatro-cervantes\/\" title=\"Read more\" >&#8230;<\/a><\/p>\n","protected":false},"author":1,"featured_media":34932,"comment_status":"open","ping_status":"open","sticky":false,"template":"","format":"image","meta":{"_jetpack_memberships_contains_paid_content":false,"footnotes":"","jetpack_publicize_message":"","jetpack_publicize_feature_enabled":true,"jetpack_social_post_already_shared":true,"jetpack_social_options":{"image_generator_settings":{"template":"highway","default_image_id":0,"enabled":false},"version":2}},"categories":[6,8,1,7,3],"tags":[],"class_list":["post-34931","post","type-post","status-publish","format-image","has-post-thumbnail","hentry","category-cultura-entretenimiento","category-deliberando","category-diario-armstrong","category-politica","category-region","post_format-post-format-image"],"jetpack_publicize_connections":[],"jetpack_featured_media_url":"https:\/\/armstrongyregion.com.ar\/diario\/wp-content\/uploads\/2022\/06\/clerici.cervantes-.jpg","jetpack_shortlink":"https:\/\/wp.me\/p62QDO-95p","jetpack_sharing_enabled":true,"amp_enabled":true,"_links":{"self":[{"href":"https:\/\/armstrongyregion.com.ar\/diario\/wp-json\/wp\/v2\/posts\/34931","targetHints":{"allow":["GET"]}}],"collection":[{"href":"https:\/\/armstrongyregion.com.ar\/diario\/wp-json\/wp\/v2\/posts"}],"about":[{"href":"https:\/\/armstrongyregion.com.ar\/diario\/wp-json\/wp\/v2\/types\/post"}],"author":[{"embeddable":true,"href":"https:\/\/armstrongyregion.com.ar\/diario\/wp-json\/wp\/v2\/users\/1"}],"replies":[{"embeddable":true,"href":"https:\/\/armstrongyregion.com.ar\/diario\/wp-json\/wp\/v2\/comments?post=34931"}],"version-history":[{"count":1,"href":"https:\/\/armstrongyregion.com.ar\/diario\/wp-json\/wp\/v2\/posts\/34931\/revisions"}],"predecessor-version":[{"id":34933,"href":"https:\/\/armstrongyregion.com.ar\/diario\/wp-json\/wp\/v2\/posts\/34931\/revisions\/34933"}],"wp:featuredmedia":[{"embeddable":true,"href":"https:\/\/armstrongyregion.com.ar\/diario\/wp-json\/wp\/v2\/media\/34932"}],"wp:attachment":[{"href":"https:\/\/armstrongyregion.com.ar\/diario\/wp-json\/wp\/v2\/media?parent=34931"}],"wp:term":[{"taxonomy":"category","embeddable":true,"href":"https:\/\/armstrongyregion.com.ar\/diario\/wp-json\/wp\/v2\/categories?post=34931"},{"taxonomy":"post_tag","embeddable":true,"href":"https:\/\/armstrongyregion.com.ar\/diario\/wp-json\/wp\/v2\/tags?post=34931"}],"curies":[{"name":"wp","href":"https:\/\/api.w.org\/{rel}","templated":true}]}}