{"id":34895,"date":"2022-06-25T03:12:44","date_gmt":"2022-06-25T03:12:44","guid":{"rendered":"https:\/\/armstrongyregion.com.ar\/diario\/?p=34895"},"modified":"2022-06-25T03:12:47","modified_gmt":"2022-06-25T03:12:47","slug":"rasetto-y-la-comuna-de-oliveros-invitan-a-la-feria-cultura-iriondo","status":"publish","type":"post","link":"https:\/\/armstrongyregion.com.ar\/diario\/rasetto-y-la-comuna-de-oliveros-invitan-a-la-feria-cultura-iriondo\/","title":{"rendered":"Rasetto y la Comuna de Oliveros invitan a la Feria Cultura Iriondo."},"content":{"rendered":"\n<figure class=\"wp-block-image size-large\"><img loading=\"lazy\" decoding=\"async\" width=\"540\" height=\"540\" src=\"http:\/\/armstrongyregion.com.ar\/diario\/wp-content\/uploads\/2022\/06\/culturairiondo.jpg\" alt=\"\" class=\"wp-image-34896\" srcset=\"https:\/\/armstrongyregion.com.ar\/diario\/wp-content\/uploads\/2022\/06\/culturairiondo.jpg 540w, https:\/\/armstrongyregion.com.ar\/diario\/wp-content\/uploads\/2022\/06\/culturairiondo-300x300.jpg 300w, https:\/\/armstrongyregion.com.ar\/diario\/wp-content\/uploads\/2022\/06\/culturairiondo-150x150.jpg 150w\" sizes=\"auto, (max-width: 540px) 100vw, 540px\" \/><\/figure>\n\n\n\n<p>\nEl Senador Hugo Jes\u00fas Rasetto y presidente Comunal de Oliveros,\nAlfredo Chiminello, invitan a la tercera edici\u00f3n de \u201cCultura\nIriondo\u201d, la Feria Itinerante de Artesanos, M\u00fasica y Gastronom\u00eda\nque recorrer\u00e1 el Departamento Iriondo. La misma se llevar\u00e1 a cabo\nen Oliveros el pr\u00f3ximo s\u00e1bado 9 de julio a partir de las 13 Hs. en\nel predio de la plazoleta, frente a la Casa de la Cultura. Este\ntercer encuentro est\u00e1 organizado de manera conjunta por la Comuna de\nOliveros y el Senador Hugo Rasetto.<\/p>\n\n\n\n<p>De cada edici\u00f3n,\nparticipar\u00e1n artesanos de todo el Departamento Iriondo, m\u00fasica en\nvivo con artistas locales, gastronom\u00eda de cada localidad y habr\u00e1\nmagia y circo para los m\u00e1s chicos.<\/p>\n","protected":false},"excerpt":{"rendered":"<p>El Senador Hugo Jes\u00fas Rasetto y presidente Comunal de Oliveros, Alfredo Chiminello, invitan a la tercera edici\u00f3n de \u201cCultura Iriondo\u201d, la Feria Itinerante de Artesanos, M\u00fasica y Gastronom\u00eda que recorrer\u00e1 el Departamento Iriondo. La misma se llevar\u00e1 a cabo en Oliveros el pr\u00f3ximo s\u00e1bado 9 de julio a partir de las 13 Hs. en el <a href=\"https:\/\/armstrongyregion.com.ar\/diario\/rasetto-y-la-comuna-de-oliveros-invitan-a-la-feria-cultura-iriondo\/\" title=\"Read more\" >&#8230;<\/a><\/p>\n","protected":false},"author":1,"featured_media":34896,"comment_status":"open","ping_status":"open","sticky":false,"template":"","format":"image","meta":{"_jetpack_memberships_contains_paid_content":false,"footnotes":"","jetpack_publicize_message":"","jetpack_publicize_feature_enabled":true,"jetpack_social_post_already_shared":true,"jetpack_social_options":{"image_generator_settings":{"template":"highway","default_image_id":0,"enabled":false},"version":2}},"categories":[6,8,1,3],"tags":[],"class_list":["post-34895","post","type-post","status-publish","format-image","has-post-thumbnail","hentry","category-cultura-entretenimiento","category-deliberando","category-diario-armstrong","category-region","post_format-post-format-image"],"jetpack_publicize_connections":[],"jetpack_featured_media_url":"https:\/\/armstrongyregion.com.ar\/diario\/wp-content\/uploads\/2022\/06\/culturairiondo.jpg","jetpack_shortlink":"https:\/\/wp.me\/p62QDO-94P","jetpack_sharing_enabled":true,"amp_enabled":true,"_links":{"self":[{"href":"https:\/\/armstrongyregion.com.ar\/diario\/wp-json\/wp\/v2\/posts\/34895","targetHints":{"allow":["GET"]}}],"collection":[{"href":"https:\/\/armstrongyregion.com.ar\/diario\/wp-json\/wp\/v2\/posts"}],"about":[{"href":"https:\/\/armstrongyregion.com.ar\/diario\/wp-json\/wp\/v2\/types\/post"}],"author":[{"embeddable":true,"href":"https:\/\/armstrongyregion.com.ar\/diario\/wp-json\/wp\/v2\/users\/1"}],"replies":[{"embeddable":true,"href":"https:\/\/armstrongyregion.com.ar\/diario\/wp-json\/wp\/v2\/comments?post=34895"}],"version-history":[{"count":1,"href":"https:\/\/armstrongyregion.com.ar\/diario\/wp-json\/wp\/v2\/posts\/34895\/revisions"}],"predecessor-version":[{"id":34897,"href":"https:\/\/armstrongyregion.com.ar\/diario\/wp-json\/wp\/v2\/posts\/34895\/revisions\/34897"}],"wp:featuredmedia":[{"embeddable":true,"href":"https:\/\/armstrongyregion.com.ar\/diario\/wp-json\/wp\/v2\/media\/34896"}],"wp:attachment":[{"href":"https:\/\/armstrongyregion.com.ar\/diario\/wp-json\/wp\/v2\/media?parent=34895"}],"wp:term":[{"taxonomy":"category","embeddable":true,"href":"https:\/\/armstrongyregion.com.ar\/diario\/wp-json\/wp\/v2\/categories?post=34895"},{"taxonomy":"post_tag","embeddable":true,"href":"https:\/\/armstrongyregion.com.ar\/diario\/wp-json\/wp\/v2\/tags?post=34895"}],"curies":[{"name":"wp","href":"https:\/\/api.w.org\/{rel}","templated":true}]}}