{"id":34892,"date":"2022-06-25T03:07:54","date_gmt":"2022-06-25T03:07:54","guid":{"rendered":"https:\/\/armstrongyregion.com.ar\/diario\/?p=34892"},"modified":"2022-06-25T03:07:55","modified_gmt":"2022-06-25T03:07:55","slug":"el-consejo-provincial-de-ninos-ninas-y-adolescentes-se-reunio-en-canada-de-gomez","status":"publish","type":"post","link":"https:\/\/armstrongyregion.com.ar\/diario\/el-consejo-provincial-de-ninos-ninas-y-adolescentes-se-reunio-en-canada-de-gomez\/","title":{"rendered":"El consejo provincial de ni\u00f1os, ni\u00f1as y adolescentes se reuni\u00f3 en Ca\u00f1ada de G\u00f3mez."},"content":{"rendered":"\n<figure class=\"wp-block-image size-large\"><img loading=\"lazy\" decoding=\"async\" width=\"800\" height=\"412\" src=\"http:\/\/armstrongyregion.com.ar\/diario\/wp-content\/uploads\/2022\/06\/ca\u00f1ada-ni\u00f1os-ni\u00f1as-.jpg\" alt=\"\" class=\"wp-image-34893\" srcset=\"https:\/\/armstrongyregion.com.ar\/diario\/wp-content\/uploads\/2022\/06\/ca\u00f1ada-ni\u00f1os-ni\u00f1as-.jpg 800w, https:\/\/armstrongyregion.com.ar\/diario\/wp-content\/uploads\/2022\/06\/ca\u00f1ada-ni\u00f1os-ni\u00f1as--300x155.jpg 300w, https:\/\/armstrongyregion.com.ar\/diario\/wp-content\/uploads\/2022\/06\/ca\u00f1ada-ni\u00f1os-ni\u00f1as--768x396.jpg 768w\" sizes=\"auto, (max-width: 800px) 100vw, 800px\" \/><\/figure>\n\n\n\n<p>El Consejo Provincial de Ni\u00f1as, Ni\u00f1os y Adolescentes se reuni\u00f3 en nuestra ciudad, convocando a j\u00f3venes ca\u00f1adenses, referentes y dirigentes de distintas localidades del sur santafesino, instituciones educativas locales y representantes de salud, justicia y educaci\u00f3n.<\/p>\n\n\n\n<p>La intendenta Stella Cl\u00e9rici junto al equipo de la Direcci\u00f3n de Promoci\u00f3n Comunitaria, recibi\u00f3 a la secretaria de Ni\u00f1ez, Adolescencia y Familia de la Provincia de Santa Fe, Patricia Chialvo, destacando la importancia de estos encuentros para abordar diferentes problem\u00e1ticas inherentes a la ni\u00f1ez y adolescencia.<\/p>\n\n\n\n<p>\u201cEs muy importante llevar adelante estos encuentros para intercambiar experiencias y escuchar a quienes son los destinatarios de esta labor. Reafirmamos nuestro compromiso de trabajo diario por una ni\u00f1ez integrada y contenida, con acciones que van hacia la igualdad de g\u00e9nero y de oportunidades\u201d, expres\u00f3 Cl\u00e9rici.<\/p>\n\n\n\n<p>El Consejo Provincial tiene por objetivo ser representativo de todas las realidades de la ni\u00f1ez y adolescencia de la provincia, como as\u00ed tambi\u00e9n agilizar el dise\u00f1o, aplicaci\u00f3n y control de pol\u00edticas p\u00fablicas, adem\u00e1s de garantizar una participaci\u00f3n democr\u00e1tica de los actores y sectores involucrados en la problem\u00e1tica.<\/p>\n","protected":false},"excerpt":{"rendered":"<p>El Consejo Provincial de Ni\u00f1as, Ni\u00f1os y Adolescentes se reuni\u00f3 en nuestra ciudad, convocando a j\u00f3venes ca\u00f1adenses, referentes y dirigentes de distintas localidades del sur santafesino, instituciones educativas locales y representantes de salud, justicia y educaci\u00f3n. La intendenta Stella Cl\u00e9rici junto al equipo de la Direcci\u00f3n de Promoci\u00f3n Comunitaria, recibi\u00f3 a la secretaria de Ni\u00f1ez, <a href=\"https:\/\/armstrongyregion.com.ar\/diario\/el-consejo-provincial-de-ninos-ninas-y-adolescentes-se-reunio-en-canada-de-gomez\/\" title=\"Read more\" >&#8230;<\/a><\/p>\n","protected":false},"author":1,"featured_media":34893,"comment_status":"open","ping_status":"open","sticky":false,"template":"","format":"image","meta":{"_jetpack_memberships_contains_paid_content":false,"footnotes":"","jetpack_publicize_message":"","jetpack_publicize_feature_enabled":true,"jetpack_social_post_already_shared":true,"jetpack_social_options":{"image_generator_settings":{"template":"highway","default_image_id":0,"enabled":false},"version":2}},"categories":[8,1,2,7,3],"tags":[],"class_list":["post-34892","post","type-post","status-publish","format-image","has-post-thumbnail","hentry","category-deliberando","category-diario-armstrong","category-locales","category-politica","category-region","post_format-post-format-image"],"jetpack_publicize_connections":[],"jetpack_featured_media_url":"https:\/\/armstrongyregion.com.ar\/diario\/wp-content\/uploads\/2022\/06\/ca\u00f1ada-ni\u00f1os-ni\u00f1as-.jpg","jetpack_shortlink":"https:\/\/wp.me\/p62QDO-94M","jetpack_sharing_enabled":true,"amp_enabled":true,"_links":{"self":[{"href":"https:\/\/armstrongyregion.com.ar\/diario\/wp-json\/wp\/v2\/posts\/34892","targetHints":{"allow":["GET"]}}],"collection":[{"href":"https:\/\/armstrongyregion.com.ar\/diario\/wp-json\/wp\/v2\/posts"}],"about":[{"href":"https:\/\/armstrongyregion.com.ar\/diario\/wp-json\/wp\/v2\/types\/post"}],"author":[{"embeddable":true,"href":"https:\/\/armstrongyregion.com.ar\/diario\/wp-json\/wp\/v2\/users\/1"}],"replies":[{"embeddable":true,"href":"https:\/\/armstrongyregion.com.ar\/diario\/wp-json\/wp\/v2\/comments?post=34892"}],"version-history":[{"count":1,"href":"https:\/\/armstrongyregion.com.ar\/diario\/wp-json\/wp\/v2\/posts\/34892\/revisions"}],"predecessor-version":[{"id":34894,"href":"https:\/\/armstrongyregion.com.ar\/diario\/wp-json\/wp\/v2\/posts\/34892\/revisions\/34894"}],"wp:featuredmedia":[{"embeddable":true,"href":"https:\/\/armstrongyregion.com.ar\/diario\/wp-json\/wp\/v2\/media\/34893"}],"wp:attachment":[{"href":"https:\/\/armstrongyregion.com.ar\/diario\/wp-json\/wp\/v2\/media?parent=34892"}],"wp:term":[{"taxonomy":"category","embeddable":true,"href":"https:\/\/armstrongyregion.com.ar\/diario\/wp-json\/wp\/v2\/categories?post=34892"},{"taxonomy":"post_tag","embeddable":true,"href":"https:\/\/armstrongyregion.com.ar\/diario\/wp-json\/wp\/v2\/tags?post=34892"}],"curies":[{"name":"wp","href":"https:\/\/api.w.org\/{rel}","templated":true}]}}