{"id":34865,"date":"2022-06-23T00:47:29","date_gmt":"2022-06-23T00:47:29","guid":{"rendered":"https:\/\/armstrongyregion.com.ar\/diario\/?p=34865"},"modified":"2022-06-23T00:47:30","modified_gmt":"2022-06-23T00:47:30","slug":"la-provincia-repudia-la-publicacion-realizada-en-redes-sociales-por-la-presidenta-comunal-de-clason","status":"publish","type":"post","link":"https:\/\/armstrongyregion.com.ar\/diario\/la-provincia-repudia-la-publicacion-realizada-en-redes-sociales-por-la-presidenta-comunal-de-clason\/","title":{"rendered":"La provincia repudia la publicaci\u00f3n realizada en redes sociales por la presidenta comunal de Clason."},"content":{"rendered":"\n<figure class=\"wp-block-image size-large\"><img loading=\"lazy\" decoding=\"async\" width=\"570\" height=\"320\" src=\"http:\/\/armstrongyregion.com.ar\/diario\/wp-content\/uploads\/2022\/06\/Freyre.jpg\" alt=\"\" class=\"wp-image-34866\" srcset=\"https:\/\/armstrongyregion.com.ar\/diario\/wp-content\/uploads\/2022\/06\/Freyre.jpg 570w, https:\/\/armstrongyregion.com.ar\/diario\/wp-content\/uploads\/2022\/06\/Freyre-300x168.jpg 300w\" sizes=\"auto, (max-width: 570px) 100vw, 570px\" \/><\/figure>\n\n\n\n<h2 class=\"wp-block-heading\"> El secretario de Integraci\u00f3n y Fortalecimiento Institucional, Jos\u00e9 Luis Freyre, expres\u00f3 que las \u201cpalabras, gestos y acciones, especialmente la de quienes ocupamos cargos de responsabilidad p\u00fablica, deben estar impregnadas de esa paz y concordia nacional que todos a\u00f1oramos\u201d. <\/h2>\n\n\n\n<p>\n\nEl gobierno de la provincia de Santa Fe, a trav\u00e9s de la Secretar\u00eda de Integraci\u00f3n y Fortalecimiento Institucional, repudia la publicaci\u00f3n realizada en redes sociales por la presidenta comunal de Clason (departamento Iriondo), quien utiliz\u00f3 la imagen del expresidente de facto Jorge Rafael Videla para referirse a lucha contra la inseguridad.&nbsp;Al respecto, el secretario de Integraci\u00f3n y Fortalecimiento Institucional, Jos\u00e9 Luis Freyre, calific\u00f3 la publicaci\u00f3n como \u201ctriste y repudiable\u201d, y asegur\u00f3 que \u201cqueremos reivindicar el valor supremo de la democracia argentina como forma de gobierno, pero ante todo, como espacio vital de convivencia en la diversidad y posibilidad de construir -desde diferentes miradas y aportes- un futuro mejor y mas digno para cada argentino y argentina\u201d.&nbsp;En ese sentido, Freyre reconoci\u00f3 que \u201cnuestras palabras, gestos y acciones, especialmente la de quienes ocupamos cargos de responsabilidad p\u00fablica, deben estar impregnadas de esa paz y concordia nacional que todos a\u00f1oramos\u201d, y agreg\u00f3 que \u201cactitudes como las se\u00f1aladas no contribuyen en nada\u201d.&nbsp;Finalmente, el funcionario provincial expres\u00f3 que \u201cpr\u00f3ximos a celebrar los 40 a\u00f1os de la recuperaci\u00f3n democr\u00e1tica en nuestro pa\u00eds, reafirmamos nuestro mas firme compromiso con la democracia y los derechos humanos, con la profunda convicci\u00f3n que solo privilegiando el di\u00e1logo y lo mucho que nos une como argentinos podremos desterrar para siempre la tentaci\u00f3n de la violencia pol\u00edtica y as\u00ed seguir construyendo una patria mas justa con lugar para todos\u201d.\n\n<\/p>\n","protected":false},"excerpt":{"rendered":"<p>El secretario de Integraci\u00f3n y Fortalecimiento Institucional, Jos\u00e9 Luis Freyre, expres\u00f3 que las \u201cpalabras, gestos y acciones, especialmente la de quienes ocupamos cargos de responsabilidad p\u00fablica, deben estar impregnadas de esa paz y concordia nacional que todos a\u00f1oramos\u201d. El gobierno de la provincia de Santa Fe, a trav\u00e9s de la Secretar\u00eda de Integraci\u00f3n y Fortalecimiento <a href=\"https:\/\/armstrongyregion.com.ar\/diario\/la-provincia-repudia-la-publicacion-realizada-en-redes-sociales-por-la-presidenta-comunal-de-clason\/\" title=\"Read more\" >&#8230;<\/a><\/p>\n","protected":false},"author":1,"featured_media":34866,"comment_status":"open","ping_status":"open","sticky":false,"template":"","format":"image","meta":{"_jetpack_memberships_contains_paid_content":false,"footnotes":"","jetpack_publicize_message":"","jetpack_publicize_feature_enabled":true,"jetpack_social_post_already_shared":true,"jetpack_social_options":{"image_generator_settings":{"template":"highway","default_image_id":0,"enabled":false},"version":2}},"categories":[8,1,2,7,3],"tags":[],"class_list":["post-34865","post","type-post","status-publish","format-image","has-post-thumbnail","hentry","category-deliberando","category-diario-armstrong","category-locales","category-politica","category-region","post_format-post-format-image"],"jetpack_publicize_connections":[],"jetpack_featured_media_url":"https:\/\/armstrongyregion.com.ar\/diario\/wp-content\/uploads\/2022\/06\/Freyre.jpg","jetpack_shortlink":"https:\/\/wp.me\/p62QDO-94l","jetpack_sharing_enabled":true,"amp_enabled":true,"_links":{"self":[{"href":"https:\/\/armstrongyregion.com.ar\/diario\/wp-json\/wp\/v2\/posts\/34865","targetHints":{"allow":["GET"]}}],"collection":[{"href":"https:\/\/armstrongyregion.com.ar\/diario\/wp-json\/wp\/v2\/posts"}],"about":[{"href":"https:\/\/armstrongyregion.com.ar\/diario\/wp-json\/wp\/v2\/types\/post"}],"author":[{"embeddable":true,"href":"https:\/\/armstrongyregion.com.ar\/diario\/wp-json\/wp\/v2\/users\/1"}],"replies":[{"embeddable":true,"href":"https:\/\/armstrongyregion.com.ar\/diario\/wp-json\/wp\/v2\/comments?post=34865"}],"version-history":[{"count":1,"href":"https:\/\/armstrongyregion.com.ar\/diario\/wp-json\/wp\/v2\/posts\/34865\/revisions"}],"predecessor-version":[{"id":34867,"href":"https:\/\/armstrongyregion.com.ar\/diario\/wp-json\/wp\/v2\/posts\/34865\/revisions\/34867"}],"wp:featuredmedia":[{"embeddable":true,"href":"https:\/\/armstrongyregion.com.ar\/diario\/wp-json\/wp\/v2\/media\/34866"}],"wp:attachment":[{"href":"https:\/\/armstrongyregion.com.ar\/diario\/wp-json\/wp\/v2\/media?parent=34865"}],"wp:term":[{"taxonomy":"category","embeddable":true,"href":"https:\/\/armstrongyregion.com.ar\/diario\/wp-json\/wp\/v2\/categories?post=34865"},{"taxonomy":"post_tag","embeddable":true,"href":"https:\/\/armstrongyregion.com.ar\/diario\/wp-json\/wp\/v2\/tags?post=34865"}],"curies":[{"name":"wp","href":"https:\/\/api.w.org\/{rel}","templated":true}]}}