{"id":34848,"date":"2022-06-22T00:33:00","date_gmt":"2022-06-22T00:33:00","guid":{"rendered":"https:\/\/armstrongyregion.com.ar\/diario\/?p=34848"},"modified":"2022-06-22T00:33:01","modified_gmt":"2022-06-22T00:33:01","slug":"la-provincia-fortalece-la-capacitacion-en-perfiles-laborales-demandados-por-el-sector-productivo","status":"publish","type":"post","link":"https:\/\/armstrongyregion.com.ar\/diario\/la-provincia-fortalece-la-capacitacion-en-perfiles-laborales-demandados-por-el-sector-productivo\/","title":{"rendered":"La provincia fortalece la capacitaci\u00f3n en perfiles laborales demandados por el sector productivo."},"content":{"rendered":"\n<figure class=\"wp-block-image size-large\"><img loading=\"lazy\" decoding=\"async\" width=\"480\" height=\"360\" src=\"http:\/\/armstrongyregion.com.ar\/diario\/wp-content\/uploads\/2022\/06\/produccion-111-.jpg\" alt=\"\" class=\"wp-image-34849\" srcset=\"https:\/\/armstrongyregion.com.ar\/diario\/wp-content\/uploads\/2022\/06\/produccion-111-.jpg 480w, https:\/\/armstrongyregion.com.ar\/diario\/wp-content\/uploads\/2022\/06\/produccion-111--300x225.jpg 300w\" sizes=\"auto, (max-width: 480px) 100vw, 480px\" \/><\/figure>\n\n\n\n<h2 class=\"wp-block-heading\"> Se trata de acciones destinadas a mejorar la empleabilidad y calificaci\u00f3n t\u00e9cnica de trabajadoras y trabajadores. La inversi\u00f3n provincial supera los 57 millones de pesos. <\/h2>\n\n\n\n<p>\n\nLa provincia de Santa Fe, a trav\u00e9s de los ministerios de Producci\u00f3n, Ciencia y Tecnolog\u00eda, y de Trabajo, Empleo y Seguridad Social, est\u00e1 implementando siete l\u00edneas de formaci\u00f3n para dar respuesta a la actual demanda de personal por parte de distintos sectores econ\u00f3micos. Las capacitaciones cuentan con 6.900 participantes, y representan una inversi\u00f3n provincial de $ 57.803.047.<\/p>\n\n\n\n<p>Al respecto, el ministro de Trabajo, Empleo y Seguridad Social, Juan Manuel Pusineri, destac\u00f3 que \u201ces indudable que estamos en un momento de expansi\u00f3n econ\u00f3mica y de generaci\u00f3n de puestos de trabajo, Santa Fe es hoy la provincia con los mayores indicadores de inversi\u00f3n, producci\u00f3n y trabajo registrado, y el sector agroindustrial y agroalimentario est\u00e1 con plena potencialidad\u201d.<\/p>\n\n\n\n<p>Por su parte, el ministro Producci\u00f3n, Ciencia y Tecnolog\u00eda, Daniel Costamagna, ponder\u00f3 que \u201cdesde el gobierno provincial estamos adoptando pol\u00edticas para apoyar a las empresas en esta coyuntura actual, de alta demanda de operarios ante el crecimiento del sector. Lo realizamos a trav\u00e9s de capacitaciones que ponemos a disposici\u00f3n atacando la demanda. Queremos resolver las necesidades que tiene el sector privado y dotarlo de personal m\u00e1s calificado en los diferentes oficios\u00bb.<\/p>\n\n\n\n<p>Ambos funcionarios coinciden que tanto \u201cempresas como sindicatos manifiestan la necesidad de incorporar personal con oficios o saberes incorporados. Esto se percibe tanto en el sector industrial como en servicios, gastronom\u00eda o construcci\u00f3n. En base a estas demandas se han generado capacitaciones espec\u00edficas. Adem\u00e1s, muchos de los cursos se dictan dentro de las empresas, lo cual facilita la incorporaci\u00f3n efectiva de los participantes cuando \u00e9stos finalizan\u201d.<\/p>\n\n\n\n<p>La oferta general de capacitaciones, que se dise\u00f1a junto a sindicatos, c\u00e1maras empresariales, municipalidades, comunas, asociaciones, cooperativas, se renueva de manera bimestral. Las tem\u00e1ticas son muy diversas y abarcan: administraci\u00f3n; actividades agropecuarias, industria 4.0; construcci\u00f3n; cuidado de ni\u00f1as, ni\u00f1os y adultos; dise\u00f1o y confecci\u00f3n de indumentaria; marketing y comunicaci\u00f3n; oficios tradicionales y no tradicionales, empleos verdes, etc. Las propuestas se combinan cursos con modalidad presencial, virtual y bimodales, de manera que puedan ser accesibles desde todas las localidades provinciales.<\/p>\n\n\n\n<p>El listado de los programas, as\u00ed como la informaci\u00f3n para inscripciones, puede consultarse en:&nbsp;<a href=\"http:\/\/www.santafe.gov.ar\/trabajo\" target=\"_blank\" rel=\"noreferrer noopener\">www.santafe.gov.ar\/produccion<\/a>&nbsp;y&nbsp;<a href=\"http:\/\/www.santafe.gov.ar\/trabajo\" target=\"_blank\" rel=\"noreferrer noopener\">www.santafe.gov.ar\/trabajo<\/a><\/p>\n\n\n\n<p><strong>Programas disponibles<\/strong><br>&gt;&gt; Primer Empleo: programa de fomento para la contrataci\u00f3n de trabajadores\/as de entre 18 y 30 a\u00f1os, en el cual se otorga al empleador una ayuda econ\u00f3mica por cada trabajador\/a contratado y adherido al programa, hasta el 85% del salario m\u00ednimo, vital y m\u00f3vil vigente.<\/p>\n\n\n\n<p>&gt;&gt; Pr\u00e1cticas Laborales: brinda a personas desocupadas la posibilidad de realizar una experiencia de formaci\u00f3n laboral en empresas. Los participantes perciben un est\u00edmulo econ\u00f3mico de hasta el cincuenta por ciento (50%) del salario m\u00ednimo, vital y m\u00f3vil durante el per\u00edodo de capacitaci\u00f3n.<\/p>\n\n\n\n<p>&gt;&gt; Santa Fe Capacita: aporte no reintegrable (ANR) para capacitaciones surgidas de proyectos presentados por municipios, comunas, organizaciones empresariales y\/o de la sociedad civil, destinados a santafesinas y santafesinos mayores de 16 a\u00f1os.<\/p>\n\n\n\n<p>&gt;&gt; Mejora de la Competitividad Industrial: aporte no reintegrable (ANR) para capacitaciones a demanda seg\u00fan las necesidades de mandos medios o superiores de Pymes industriales.<\/p>\n\n\n\n<p>&gt;&gt; Educaci\u00f3n para el Mundo Laboral: aporte no reintegrable (ANR) para capacitaciones destinadas a mejorar y potenciar las capacidades y destrezas de operarias\/os t\u00e9cnicas\/os y\/o administrativas\/os de empresas PyMES.<\/p>\n\n\n\n<p>&gt;&gt; Formaci\u00f3n para la inserci\u00f3n laboral: son talleres coordinados con el Ministerio de Desarrollo Social que propician la revinculaci\u00f3n de j\u00f3venes entre 16 y 30 a\u00f1os con el sistema educativo formal para que puedan terminar sus estudios primarios y secundarios, al tiempo que acompa\u00f1arlos en la constituci\u00f3n de unidades productivas y cooperativas y\/o articular con el sector privado pr\u00e1cticas laborales.<\/p>\n\n\n\n<p>&gt;&gt; Trabajo colaborativo con \u00e1reas de Educaci\u00f3n T\u00e9cnica Profesional: tiene el fin de fortalecer el entramado educativo profesional como nexo en la industria santafesina para el desarrollo de nuevos recursos humanos y\/o emprendedores. Se utilizan las Aulas Taller M\u00f3vil (ATM) para brindar capacitaciones en lugares que no cuentan con instalaciones. Se generan articulaciones con los Institutos de Formaci\u00f3n Profesional y con el Proyecto \u201cBachillerato T\u00e9cnico\u201d.<br><\/p>\n","protected":false},"excerpt":{"rendered":"<p>Se trata de acciones destinadas a mejorar la empleabilidad y calificaci\u00f3n t\u00e9cnica de trabajadoras y trabajadores. La inversi\u00f3n provincial supera los 57 millones de pesos. La provincia de Santa Fe, a trav\u00e9s de los ministerios de Producci\u00f3n, Ciencia y Tecnolog\u00eda, y de Trabajo, Empleo y Seguridad Social, est\u00e1 implementando siete l\u00edneas de formaci\u00f3n para dar <a href=\"https:\/\/armstrongyregion.com.ar\/diario\/la-provincia-fortalece-la-capacitacion-en-perfiles-laborales-demandados-por-el-sector-productivo\/\" title=\"Read more\" >&#8230;<\/a><\/p>\n","protected":false},"author":1,"featured_media":34849,"comment_status":"open","ping_status":"open","sticky":false,"template":"","format":"image","meta":{"_jetpack_memberships_contains_paid_content":false,"footnotes":"","jetpack_publicize_message":"","jetpack_publicize_feature_enabled":true,"jetpack_social_post_already_shared":true,"jetpack_social_options":{"image_generator_settings":{"template":"highway","default_image_id":0,"enabled":false},"version":2}},"categories":[8,1,2,7,3],"tags":[],"class_list":["post-34848","post","type-post","status-publish","format-image","has-post-thumbnail","hentry","category-deliberando","category-diario-armstrong","category-locales","category-politica","category-region","post_format-post-format-image"],"jetpack_publicize_connections":[],"jetpack_featured_media_url":"https:\/\/armstrongyregion.com.ar\/diario\/wp-content\/uploads\/2022\/06\/produccion-111-.jpg","jetpack_shortlink":"https:\/\/wp.me\/p62QDO-944","jetpack_sharing_enabled":true,"amp_enabled":true,"_links":{"self":[{"href":"https:\/\/armstrongyregion.com.ar\/diario\/wp-json\/wp\/v2\/posts\/34848","targetHints":{"allow":["GET"]}}],"collection":[{"href":"https:\/\/armstrongyregion.com.ar\/diario\/wp-json\/wp\/v2\/posts"}],"about":[{"href":"https:\/\/armstrongyregion.com.ar\/diario\/wp-json\/wp\/v2\/types\/post"}],"author":[{"embeddable":true,"href":"https:\/\/armstrongyregion.com.ar\/diario\/wp-json\/wp\/v2\/users\/1"}],"replies":[{"embeddable":true,"href":"https:\/\/armstrongyregion.com.ar\/diario\/wp-json\/wp\/v2\/comments?post=34848"}],"version-history":[{"count":1,"href":"https:\/\/armstrongyregion.com.ar\/diario\/wp-json\/wp\/v2\/posts\/34848\/revisions"}],"predecessor-version":[{"id":34850,"href":"https:\/\/armstrongyregion.com.ar\/diario\/wp-json\/wp\/v2\/posts\/34848\/revisions\/34850"}],"wp:featuredmedia":[{"embeddable":true,"href":"https:\/\/armstrongyregion.com.ar\/diario\/wp-json\/wp\/v2\/media\/34849"}],"wp:attachment":[{"href":"https:\/\/armstrongyregion.com.ar\/diario\/wp-json\/wp\/v2\/media?parent=34848"}],"wp:term":[{"taxonomy":"category","embeddable":true,"href":"https:\/\/armstrongyregion.com.ar\/diario\/wp-json\/wp\/v2\/categories?post=34848"},{"taxonomy":"post_tag","embeddable":true,"href":"https:\/\/armstrongyregion.com.ar\/diario\/wp-json\/wp\/v2\/tags?post=34848"}],"curies":[{"name":"wp","href":"https:\/\/api.w.org\/{rel}","templated":true}]}}