{"id":34832,"date":"2022-06-20T23:55:45","date_gmt":"2022-06-20T23:55:45","guid":{"rendered":"https:\/\/armstrongyregion.com.ar\/diario\/?p=34832"},"modified":"2022-06-20T23:55:47","modified_gmt":"2022-06-20T23:55:47","slug":"clara-garcia-a-360-dias-del-aporte-nacional-de-3-000-millones-para-la-seguridad-la-provincia-no-dispone-de-los-equipos-ni-los-sistemas-que-prometio","status":"publish","type":"post","link":"https:\/\/armstrongyregion.com.ar\/diario\/clara-garcia-a-360-dias-del-aporte-nacional-de-3-000-millones-para-la-seguridad-la-provincia-no-dispone-de-los-equipos-ni-los-sistemas-que-prometio\/","title":{"rendered":"Clara Garc\u00eda: \u00abA 360 d\u00edas del aporte nacional de $3.000 millones para la seguridad, la provincia no dispone de  los equipos ni los sistemas que prometi\u00f3\u00bb."},"content":{"rendered":"\n<figure class=\"wp-block-image size-large\"><img loading=\"lazy\" decoding=\"async\" width=\"640\" height=\"426\" src=\"http:\/\/armstrongyregion.com.ar\/diario\/wp-content\/uploads\/2022\/06\/Clara-Garcia-20-6-22-.jpg\" alt=\"\" class=\"wp-image-34833\" srcset=\"https:\/\/armstrongyregion.com.ar\/diario\/wp-content\/uploads\/2022\/06\/Clara-Garcia-20-6-22-.jpg 640w, https:\/\/armstrongyregion.com.ar\/diario\/wp-content\/uploads\/2022\/06\/Clara-Garcia-20-6-22--300x200.jpg 300w\" sizes=\"auto, (max-width: 640px) 100vw, 640px\" \/><\/figure>\n\n\n\n<h2 class=\"wp-block-heading\"> La diputada provincial Clara Garc\u00eda marc\u00f3 la \u201cineficiencia\u201d del gobierno provincial, \u201cespecialmente grave\u201d en un contexto de violencia creciente. Apunt\u00f3 a las licitaciones fallidas, la falta de informaci\u00f3n y la p\u00e9rdida de valor de los recursos a causa de la inflaci\u00f3n. <\/h2>\n\n\n\n<p>\n\nLa diputada provincial Clara Garc\u00eda cuestion\u00f3 a la gesti\u00f3n de Omar Perotti por la demora para utilizar los $3.000 millones que la Naci\u00f3n envi\u00f3 en diciembre de 2020 para atender la crisis de seguridad en la provincia de Santa Fe: \u201cUna muestra m\u00e1s de la ineficiencia de este gobierno pero ahora especialmente grave, porque mientras la plata est\u00e1 en el banco sufrimos m\u00e1s inseguridad y m\u00e1s violencia. Otra promesa incumplida\u201d, asever\u00f3 la legisladora, al tiempo que enumer\u00f3 las licitaciones fallidas, la falta de explicaciones por parte del oficialismo y la p\u00e9rdida de valor de los recursos en un contexto inflacionario.&nbsp;<br>Garc\u00eda, integrante del bloque socialista, record\u00f3 que en septiembre de 2020, el presidente Alberto Fern\u00e1ndez anunci\u00f3 un aporte de 3.000 millones de pesos para la seguridad. \u201cEn esa oportunidad, le pidi\u00f3 al gobernador (Omar) Perotti que le prestara atenci\u00f3n a Rosario\u201d, rememor\u00f3.&nbsp;<br>En diciembre de ese a\u00f1o, los fondos anunciados llegaron a las arcas provinciales,&nbsp; debiendo usarse en 120 d\u00edas.<br>\u201cEl ministro (Marcelo) Sa\u00edn inici\u00f3 un expediente del que poco se supo y reci\u00e9n a fines de enero de 2021, el ministro de Econom\u00eda, Walter Agosto, anunci\u00f3 la licitaci\u00f3n de un mega proyecto: era el cambio en la plataforma inform\u00e1tica para el sistema 911 y el control y derivaci\u00f3n de los m\u00f3viles\u201d, detall\u00f3 la diputada.&nbsp;En marzo, seg\u00fan indic\u00f3, durante la apertura de sesiones ordinarias del Congreso Nacional, el presidente dio por hecha esa inversi\u00f3n.<br>Sin embargo, al no tener informaci\u00f3n de ese supuesto avance, Garc\u00eda present\u00f3 junto con la diputada provincial Lionella Cattalini, \u201cpedidos de informe que a\u00fan hoy est\u00e1n sin respuesta\u201d.&nbsp;<br>En marzo de 2021, \u201ctras la escandalosa renuncia del ministro Sa\u00edn, asumi\u00f3 (Jorge) Lagna y dio de baja la licitaci\u00f3n, otra prueba del fracaso de esa gesti\u00f3n. Pasados cinco meses, reci\u00e9n inici\u00f3 un nuevo llamado a licitaci\u00f3n, esta vez, por un monto mayor pero por menos equipos y servicios porque la inflaci\u00f3n perjudic\u00f3 la capacidad de compra\u201d, apunt\u00f3 Garc\u00eda.&nbsp;<br>\u201cEl gobierno licit\u00f3 y en febrero anticip\u00f3 el 25% de algunos rubros. O sea que hace cuatro meses que las empresas proveedoras disponen de cientos de millones de pesos pero a\u00fan no llegaron los equipos ni est\u00e1n los sistemas que se compraron\u201d, advirti\u00f3 la legisladora, para luego se\u00f1alar otra consecuencia negativa de la demora: \u201cEn todo este tiempo la inflaci\u00f3n fue del 116%, eso significa que necesitamos m\u00e1s del doble de plata para comprar lo mismo que en septiembre de 2020\u201d.\n\n<\/p>\n","protected":false},"excerpt":{"rendered":"<p>La diputada provincial Clara Garc\u00eda marc\u00f3 la \u201cineficiencia\u201d del gobierno provincial, \u201cespecialmente grave\u201d en un contexto de violencia creciente. Apunt\u00f3 a las licitaciones fallidas, la falta de informaci\u00f3n y la p\u00e9rdida de valor de los recursos a causa de la inflaci\u00f3n. La diputada provincial Clara Garc\u00eda cuestion\u00f3 a la gesti\u00f3n de Omar Perotti por la <a href=\"https:\/\/armstrongyregion.com.ar\/diario\/clara-garcia-a-360-dias-del-aporte-nacional-de-3-000-millones-para-la-seguridad-la-provincia-no-dispone-de-los-equipos-ni-los-sistemas-que-prometio\/\" title=\"Read more\" >&#8230;<\/a><\/p>\n","protected":false},"author":1,"featured_media":34833,"comment_status":"open","ping_status":"open","sticky":false,"template":"","format":"image","meta":{"_jetpack_memberships_contains_paid_content":false,"footnotes":"","jetpack_publicize_message":"","jetpack_publicize_feature_enabled":true,"jetpack_social_post_already_shared":true,"jetpack_social_options":{"image_generator_settings":{"template":"highway","default_image_id":0,"enabled":false},"version":2}},"categories":[8,1,2,7,3],"tags":[],"class_list":["post-34832","post","type-post","status-publish","format-image","has-post-thumbnail","hentry","category-deliberando","category-diario-armstrong","category-locales","category-politica","category-region","post_format-post-format-image"],"jetpack_publicize_connections":[],"jetpack_featured_media_url":"https:\/\/armstrongyregion.com.ar\/diario\/wp-content\/uploads\/2022\/06\/Clara-Garcia-20-6-22-.jpg","jetpack_shortlink":"https:\/\/wp.me\/p62QDO-93O","jetpack_sharing_enabled":true,"amp_enabled":true,"_links":{"self":[{"href":"https:\/\/armstrongyregion.com.ar\/diario\/wp-json\/wp\/v2\/posts\/34832","targetHints":{"allow":["GET"]}}],"collection":[{"href":"https:\/\/armstrongyregion.com.ar\/diario\/wp-json\/wp\/v2\/posts"}],"about":[{"href":"https:\/\/armstrongyregion.com.ar\/diario\/wp-json\/wp\/v2\/types\/post"}],"author":[{"embeddable":true,"href":"https:\/\/armstrongyregion.com.ar\/diario\/wp-json\/wp\/v2\/users\/1"}],"replies":[{"embeddable":true,"href":"https:\/\/armstrongyregion.com.ar\/diario\/wp-json\/wp\/v2\/comments?post=34832"}],"version-history":[{"count":1,"href":"https:\/\/armstrongyregion.com.ar\/diario\/wp-json\/wp\/v2\/posts\/34832\/revisions"}],"predecessor-version":[{"id":34834,"href":"https:\/\/armstrongyregion.com.ar\/diario\/wp-json\/wp\/v2\/posts\/34832\/revisions\/34834"}],"wp:featuredmedia":[{"embeddable":true,"href":"https:\/\/armstrongyregion.com.ar\/diario\/wp-json\/wp\/v2\/media\/34833"}],"wp:attachment":[{"href":"https:\/\/armstrongyregion.com.ar\/diario\/wp-json\/wp\/v2\/media?parent=34832"}],"wp:term":[{"taxonomy":"category","embeddable":true,"href":"https:\/\/armstrongyregion.com.ar\/diario\/wp-json\/wp\/v2\/categories?post=34832"},{"taxonomy":"post_tag","embeddable":true,"href":"https:\/\/armstrongyregion.com.ar\/diario\/wp-json\/wp\/v2\/tags?post=34832"}],"curies":[{"name":"wp","href":"https:\/\/api.w.org\/{rel}","templated":true}]}}