{"id":34829,"date":"2022-06-20T01:18:28","date_gmt":"2022-06-20T01:18:28","guid":{"rendered":"https:\/\/armstrongyregion.com.ar\/diario\/?p=34829"},"modified":"2022-06-20T01:18:29","modified_gmt":"2022-06-20T01:18:29","slug":"las-rosas-ya-se-trabaja-en-la-fiesta-provincial-del-mate","status":"publish","type":"post","link":"https:\/\/armstrongyregion.com.ar\/diario\/las-rosas-ya-se-trabaja-en-la-fiesta-provincial-del-mate\/","title":{"rendered":"Las Rosas. Ya se trabaja en la Fiesta Provincial del Mate."},"content":{"rendered":"\n<figure class=\"wp-block-image size-large\"><img loading=\"lazy\" decoding=\"async\" width=\"513\" height=\"320\" src=\"http:\/\/armstrongyregion.com.ar\/diario\/wp-content\/uploads\/2021\/06\/Javier-Meyer-Junio-15-.jpg\" alt=\"\" class=\"wp-image-30671\" srcset=\"https:\/\/armstrongyregion.com.ar\/diario\/wp-content\/uploads\/2021\/06\/Javier-Meyer-Junio-15-.jpg 513w, https:\/\/armstrongyregion.com.ar\/diario\/wp-content\/uploads\/2021\/06\/Javier-Meyer-Junio-15--300x187.jpg 300w\" sizes=\"auto, (max-width: 513px) 100vw, 513px\" \/><\/figure>\n\n\n\n<h2 class=\"wp-block-heading\"> El Intendente de Las Rosas Javier Meyer se refiri\u00f3 a la fiesta del mate que se realizar\u00e1 el 21 y 22 de Octubre. Ya est\u00e1n confirmadas las presentaciones de Cruzando El Charco, Los Lirios y Destino San Javier. <\/h2>\n\n\n\n<figure class=\"wp-block-audio\"><audio controls src=\"http:\/\/armstrongyregion.com.ar\/diario\/wp-content\/uploads\/2022\/06\/multimedia.audio_.a2cb547760163482.617564696f206d6f6e6f2e6d7033.mp3\"><\/audio><figcaption>Nota Int. Javier Meyer.<\/figcaption><\/figure>\n\n\n\n<p><\/p>\n\n\n\n<p>El pr\u00f3ximo 21 y 22 de octubre se realizar\u00e1 la Fiesta Provincial del Mate a la ciudad de Las Rosas, luego de posponerse en dos oportunidades debido a la pandemia.<\/p>\n\n\n\n<p>El Intendente Javier Meyer adelant\u00f3 que adem\u00e1s de los artistas regionales que participar\u00e1n del evento est\u00e1n confirmados los shows de Cruzando El Charco, Los Lirios y Destino San Javier. Adem\u00e1s preparan un importante paseo de artesanos y distintos atractivos, que le dar\u00e1n color a la fiesta.<\/p>\n\n\n\n<hr class=\"wp-block-separator\"\/>\n\n\n\n<p><strong>OBRAS&#8230;<\/strong><\/p>\n\n\n\n<p>Continuamos con el Plan de Poda 2022 en diferentes zonas de la ciudad, siguiendo los lineamientos de la Ley Provincial del \u00c1rbol.<\/p>\n\n\n\n<p>El mismo nos permite:<br>Conservar \u00e1rboles saludables.<br>Despejar el alumbrado publico.<br>Aportar seguridad.<\/p>\n\n\n\n<figure class=\"wp-block-image\"><img decoding=\"async\" src=\"http:\/\/renacerfm.com.ar\/download\/multimedia.normal.9d0f079b4fd6dcf7.3238373738333830385f3332323632373033303035373138365f3334393433385f6e6f726d616c2e77656270.webp\" alt=\"287783808_322627030057186_3494384566535816857_n\"\/><\/figure>\n\n\n\n<hr class=\"wp-block-separator\"\/>\n\n\n\n<p>Fuente: Renacer Regional.<\/p>\n","protected":false},"excerpt":{"rendered":"<p>El Intendente de Las Rosas Javier Meyer se refiri\u00f3 a la fiesta del mate que se realizar\u00e1 el 21 y 22 de Octubre. Ya est\u00e1n confirmadas las presentaciones de Cruzando El Charco, Los Lirios y Destino San Javier. El pr\u00f3ximo 21 y 22 de octubre se realizar\u00e1 la Fiesta Provincial del Mate a la ciudad <a href=\"https:\/\/armstrongyregion.com.ar\/diario\/las-rosas-ya-se-trabaja-en-la-fiesta-provincial-del-mate\/\" title=\"Read more\" >&#8230;<\/a><\/p>\n","protected":false},"author":1,"featured_media":30671,"comment_status":"open","ping_status":"open","sticky":false,"template":"","format":"image","meta":{"_jetpack_memberships_contains_paid_content":false,"footnotes":"","jetpack_publicize_message":"","jetpack_publicize_feature_enabled":true,"jetpack_social_post_already_shared":true,"jetpack_social_options":{"image_generator_settings":{"template":"highway","default_image_id":0,"enabled":false},"version":2}},"categories":[6,8,1,2,3],"tags":[],"class_list":["post-34829","post","type-post","status-publish","format-image","has-post-thumbnail","hentry","category-cultura-entretenimiento","category-deliberando","category-diario-armstrong","category-locales","category-region","post_format-post-format-image"],"jetpack_publicize_connections":[],"jetpack_featured_media_url":"https:\/\/armstrongyregion.com.ar\/diario\/wp-content\/uploads\/2021\/06\/Javier-Meyer-Junio-15-.jpg","jetpack_shortlink":"https:\/\/wp.me\/p62QDO-93L","jetpack_sharing_enabled":true,"amp_enabled":true,"_links":{"self":[{"href":"https:\/\/armstrongyregion.com.ar\/diario\/wp-json\/wp\/v2\/posts\/34829","targetHints":{"allow":["GET"]}}],"collection":[{"href":"https:\/\/armstrongyregion.com.ar\/diario\/wp-json\/wp\/v2\/posts"}],"about":[{"href":"https:\/\/armstrongyregion.com.ar\/diario\/wp-json\/wp\/v2\/types\/post"}],"author":[{"embeddable":true,"href":"https:\/\/armstrongyregion.com.ar\/diario\/wp-json\/wp\/v2\/users\/1"}],"replies":[{"embeddable":true,"href":"https:\/\/armstrongyregion.com.ar\/diario\/wp-json\/wp\/v2\/comments?post=34829"}],"version-history":[{"count":1,"href":"https:\/\/armstrongyregion.com.ar\/diario\/wp-json\/wp\/v2\/posts\/34829\/revisions"}],"predecessor-version":[{"id":34831,"href":"https:\/\/armstrongyregion.com.ar\/diario\/wp-json\/wp\/v2\/posts\/34829\/revisions\/34831"}],"wp:featuredmedia":[{"embeddable":true,"href":"https:\/\/armstrongyregion.com.ar\/diario\/wp-json\/wp\/v2\/media\/30671"}],"wp:attachment":[{"href":"https:\/\/armstrongyregion.com.ar\/diario\/wp-json\/wp\/v2\/media?parent=34829"}],"wp:term":[{"taxonomy":"category","embeddable":true,"href":"https:\/\/armstrongyregion.com.ar\/diario\/wp-json\/wp\/v2\/categories?post=34829"},{"taxonomy":"post_tag","embeddable":true,"href":"https:\/\/armstrongyregion.com.ar\/diario\/wp-json\/wp\/v2\/tags?post=34829"}],"curies":[{"name":"wp","href":"https:\/\/api.w.org\/{rel}","templated":true}]}}