{"id":34822,"date":"2022-06-20T00:24:42","date_gmt":"2022-06-20T00:24:42","guid":{"rendered":"https:\/\/armstrongyregion.com.ar\/diario\/?p=34822"},"modified":"2022-06-20T00:24:43","modified_gmt":"2022-06-20T00:24:43","slug":"alta-presencia-turistica-en-la-provincia-durante-el-fin-de-semana-largo","status":"publish","type":"post","link":"https:\/\/armstrongyregion.com.ar\/diario\/alta-presencia-turistica-en-la-provincia-durante-el-fin-de-semana-largo\/","title":{"rendered":"Alta presencia tur\u00edstica en la provincia durante el fin de semana largo."},"content":{"rendered":"\n<figure class=\"wp-block-image size-large\"><img loading=\"lazy\" decoding=\"async\" width=\"900\" height=\"506\" src=\"http:\/\/armstrongyregion.com.ar\/diario\/wp-content\/uploads\/2022\/06\/foto-monumento-bandera.jpg\" alt=\"\" class=\"wp-image-34823\" srcset=\"https:\/\/armstrongyregion.com.ar\/diario\/wp-content\/uploads\/2022\/06\/foto-monumento-bandera.jpg 900w, https:\/\/armstrongyregion.com.ar\/diario\/wp-content\/uploads\/2022\/06\/foto-monumento-bandera-300x169.jpg 300w, https:\/\/armstrongyregion.com.ar\/diario\/wp-content\/uploads\/2022\/06\/foto-monumento-bandera-768x432.jpg 768w\" sizes=\"auto, (max-width: 900px) 100vw, 900px\" \/><\/figure>\n\n\n\n<h2 class=\"wp-block-heading\"> Desde la Secretar\u00eda de Turismo realizaron un balance positivo respecto de la afluencia de visitantes a los atractivos santafesinos, lo que ratifica el crecimiento del rubro con la decisi\u00f3n del gobierno de Omar Perotti de fortalecer la actividad con diversas herramientas.<\/h2>\n\n\n\n<p> El turismo santafesino realiz\u00f3 un balance positivo de la ocupaci\u00f3n y afluencia de turistas en la provincia durante el \u00faltimo fin de semana largo. Gran cantidad de turistas eligieron los atractivos santafesinos para disfrutar de diversas actividades y paseos. <\/p>\n\n\n\n<p>En un feriado que arranc\u00f3 el viernes y culminar\u00e1 ma\u00f1ana lunes con la celebraci\u00f3n del D\u00eda de la Bandera (hoy domingo se festeja el D\u00eda del Padre y con ello, se suman opciones en varios rubros), los turistas aprovecharon los beneficios y promociones como Billetera Santa Fe y la plataforma digital Viv\u00ed Santa Fe, dos de las herramientas impulsadas por la actual gesti\u00f3n del gobierno provincial.<\/p>\n\n\n\n<p>Al respecto, el secretario de Turismo de la provincia, Alejandro Grandinetti, indic\u00f3: \u201cLo ocurrido este fin de semana extra largo en la provincia de Santa Fe ratifica los pasos que se ven\u00edan dando en los \u00faltimos tiempos con respecto a la llegada de numerosos visitantes provenientes de diferentes provincias, adem\u00e1s de santafesinos, recorriendo e instalando la provincia de Santa Fe como uno de los destinos emergente de Argentina\u201d, sostuvo.<\/p>\n\n\n\n<figure class=\"wp-block-image\"><img decoding=\"async\" src=\"https:\/\/www.rosario3.com\/export\/sites\/rosario3\/img\/2022\/06\/19\/costs.jpg_674994428.jpg\" alt=\"\"\/><\/figure>\n\n\n\n<p>Y agreg\u00f3: \u201cTuvimos una ocupaci\u00f3n muy importante, en algunos casos llegando al 100 %, con variables dependiendo del lugar, pero muy buena ocupaci\u00f3n en Rosario con \u00edndices de entre el 95% y el 100%. Tambi\u00e9n, fue muy buena en el corredor de la Ruta 1, y en Melincu\u00e9 con un 100%\u201d, explic\u00f3.<\/p>\n\n\n\n<p>El funcionario expres\u00f3 que \u201cnos hace prever que este sector est\u00e1 en la senda de la recuperaci\u00f3n plena, aunque todav\u00eda sabemos que falta mucho para que se recupere lo perdido durante la pandemia. Seguimos trabajando con el sector privado, generando herramientas de promoci\u00f3n y de est\u00edmulo para que cada vez m\u00e1s personas sigan eligiendo y visitando la provincia de Santa Fe\u201d, concluy\u00f3 Grandinetti.<\/p>\n\n\n\n<p>La ciudad de Santa Fe se posicionaba con una ocupaci\u00f3n del 80%, y en algunos establecimientos con ocupaci\u00f3n completa, al igual que el sector caba\u00f1ero de los corredores provinciales, y lo mismo la ciudad de Reconquista, con un 90%.<\/p>\n\n\n\n<p>Otro de los atractivos del feriado largo fue compartir el D\u00eda del Padre en familia, y disfrutar del D\u00eda de la Bandera en la cuna de la misma, la ciudad de Rosario.<\/p>\n\n\n\n<p>Los \u00edndices de la provincia ratifican la gran recuperaci\u00f3n y fortaleza del sector, elegido no solo por santafesinos sino tambi\u00e9n por visitantes de provincias aleda\u00f1as como Buenos Aires, Entre R\u00edos y C\u00f3rdoba, disfrutando de las costas del R\u00edo Paran\u00e1, la amplia oferta cultural, gastronom\u00eda y m\u00faltiples actividades para disfrutar en familia, con amigos o en pareja.<\/p>\n\n\n\n<p><br><\/p>\n","protected":false},"excerpt":{"rendered":"<p>Desde la Secretar\u00eda de Turismo realizaron un balance positivo respecto de la afluencia de visitantes a los atractivos santafesinos, lo que ratifica el crecimiento del rubro con la decisi\u00f3n del gobierno de Omar Perotti de fortalecer la actividad con diversas herramientas. El turismo santafesino realiz\u00f3 un balance positivo de la ocupaci\u00f3n y afluencia de turistas <a href=\"https:\/\/armstrongyregion.com.ar\/diario\/alta-presencia-turistica-en-la-provincia-durante-el-fin-de-semana-largo\/\" title=\"Read more\" >&#8230;<\/a><\/p>\n","protected":false},"author":1,"featured_media":34823,"comment_status":"open","ping_status":"open","sticky":false,"template":"","format":"image","meta":{"_jetpack_memberships_contains_paid_content":false,"footnotes":"","jetpack_publicize_message":"","jetpack_publicize_feature_enabled":true,"jetpack_social_post_already_shared":true,"jetpack_social_options":{"image_generator_settings":{"template":"highway","default_image_id":0,"enabled":false},"version":2}},"categories":[6,8,1,2,7,3],"tags":[],"class_list":["post-34822","post","type-post","status-publish","format-image","has-post-thumbnail","hentry","category-cultura-entretenimiento","category-deliberando","category-diario-armstrong","category-locales","category-politica","category-region","post_format-post-format-image"],"jetpack_publicize_connections":[],"jetpack_featured_media_url":"https:\/\/armstrongyregion.com.ar\/diario\/wp-content\/uploads\/2022\/06\/foto-monumento-bandera.jpg","jetpack_shortlink":"https:\/\/wp.me\/p62QDO-93E","jetpack_sharing_enabled":true,"amp_enabled":true,"_links":{"self":[{"href":"https:\/\/armstrongyregion.com.ar\/diario\/wp-json\/wp\/v2\/posts\/34822","targetHints":{"allow":["GET"]}}],"collection":[{"href":"https:\/\/armstrongyregion.com.ar\/diario\/wp-json\/wp\/v2\/posts"}],"about":[{"href":"https:\/\/armstrongyregion.com.ar\/diario\/wp-json\/wp\/v2\/types\/post"}],"author":[{"embeddable":true,"href":"https:\/\/armstrongyregion.com.ar\/diario\/wp-json\/wp\/v2\/users\/1"}],"replies":[{"embeddable":true,"href":"https:\/\/armstrongyregion.com.ar\/diario\/wp-json\/wp\/v2\/comments?post=34822"}],"version-history":[{"count":1,"href":"https:\/\/armstrongyregion.com.ar\/diario\/wp-json\/wp\/v2\/posts\/34822\/revisions"}],"predecessor-version":[{"id":34824,"href":"https:\/\/armstrongyregion.com.ar\/diario\/wp-json\/wp\/v2\/posts\/34822\/revisions\/34824"}],"wp:featuredmedia":[{"embeddable":true,"href":"https:\/\/armstrongyregion.com.ar\/diario\/wp-json\/wp\/v2\/media\/34823"}],"wp:attachment":[{"href":"https:\/\/armstrongyregion.com.ar\/diario\/wp-json\/wp\/v2\/media?parent=34822"}],"wp:term":[{"taxonomy":"category","embeddable":true,"href":"https:\/\/armstrongyregion.com.ar\/diario\/wp-json\/wp\/v2\/categories?post=34822"},{"taxonomy":"post_tag","embeddable":true,"href":"https:\/\/armstrongyregion.com.ar\/diario\/wp-json\/wp\/v2\/tags?post=34822"}],"curies":[{"name":"wp","href":"https:\/\/api.w.org\/{rel}","templated":true}]}}