{"id":3480,"date":"2015-08-07T04:38:19","date_gmt":"2015-08-07T04:38:19","guid":{"rendered":"https:\/\/armstrongyregion.com.ar\/diario\/?p=3480"},"modified":"2015-08-07T04:38:19","modified_gmt":"2015-08-07T04:38:19","slug":"alerta-que-va-y-viene-otra-vez-advierten-sobre-tormentas","status":"publish","type":"post","link":"https:\/\/armstrongyregion.com.ar\/diario\/alerta-que-va-y-viene-otra-vez-advierten-sobre-tormentas\/","title":{"rendered":"Alerta que va y viene: otra vez advierten sobre tormentas."},"content":{"rendered":"<p><a href=\"http:\/\/armstrongyregion.com.ar\/diario\/wp-content\/uploads\/2015\/08\/alerta-meteorologica.jpg\"><img loading=\"lazy\" decoding=\"async\" class=\"alignnone size-medium wp-image-3481\" src=\"http:\/\/armstrongyregion.com.ar\/diario\/wp-content\/uploads\/2015\/08\/alerta-meteorologica-300x170.jpg\" alt=\"alerta meteorologica\" width=\"300\" height=\"170\" srcset=\"https:\/\/armstrongyregion.com.ar\/diario\/wp-content\/uploads\/2015\/08\/alerta-meteorologica-300x170.jpg 300w, https:\/\/armstrongyregion.com.ar\/diario\/wp-content\/uploads\/2015\/08\/alerta-meteorologica.jpg 768w\" sizes=\"auto, (max-width: 300px) 100vw, 300px\" \/><\/a>El Servicio Meteorol\u00f3gico incluy\u00f3 nuevamente al \u00e1rea de Rosario y sur de Santa Fe entre las que se ver\u00edan afectadas por un nuevo temporal de lluvia, viento y eventual ca\u00edda de granizo.<br \/>\nEl Servicio Meteorol\u00f3gico Nacional (SMN) volvi\u00f3 a incluir al \u00e1rea de Rosario en una nueva alerta por tormentas fuertes, en medio de condiciones que este jueves presentaron mejoramientos temporarios en la regi\u00f3n pero que segu\u00edan amenazantes.<\/p>\n<p>\u201cSe prev\u00e9 que a partir de la noche del jueves y la madrugada del viernes se desarrollen \u00e1reas de tormentas con r\u00e1fagas y ocasional ca\u00edda de granizo\u201d, se\u00f1ala el parte oficial, y agrega que en ese marco \u201cse esperan lluvias acumuladas cercanas a los 40 mil\u00edmetros\u201d, condiciones que volver\u00e1n a mejorar el viernes a durante la ma\u00f1ana.<\/p>\n<p>El aviso \u2013que se actualizaba antes de la medianoche\u2013 comprend\u00eda al sur y centro de Santa Fe; noreste de Buenos Aires; sudeste de C\u00f3rdoba; Entre R\u00edos; Ciudad Aut\u00f3noma de Buenos Aires; y R\u00edo de la Plata.<\/p>\n<p>En cuanto a la temperatura, el SMN pronostica que este viernes amanecer\u00e1 con unos 17 grados y la m\u00e1xima de ese d\u00eda ser\u00e1 de 25, mientras que el fin de semana el term\u00f3metro sufrir\u00eda un leve descenso el s\u00e1bado y un repunte el domingo.<\/p>\n<p>\u00bfFin de semana pasado por agua?<\/p>\n<p>Al mismo tiempo, el SMN public\u00f3 un informe especial sobre las condiciones meteorol\u00f3gicas para los pr\u00f3ximos d\u00edas para todo el pa\u00eds, que abarca el sur del Litoral.<\/p>\n<p>El comunicado indica que hasta el pr\u00f3ximo domingo inclusive \u201cse prev\u00e9n lluvias acumuladas que podr\u00edan superar los 100 mil\u00edmetros en todo el periodo, las cuales afectar\u00edan principalmente a la provincia de Buenos Aires, especialmente en su franja este, y el sur del Litoral\u201d.<\/p>\n<p>Precauci\u00f3n en la ruta<\/p>\n<p>Por su parte, la Direcci\u00f3n Nacional de Vialidad solicit\u00f3 a los conductores extremar las medidas de precauci\u00f3n al circular por rutas y autopistas de Santa Fe, Buenos Aires, C\u00f3rdoba y Entre R\u00edos.<\/p>\n<p>Difundi\u00f3 una serie recomendaciones para tener en cuenta al volante:<\/p>\n<p>&#8211; Disminuir la velocidad m\u00e1xima, de cada lugar, un 40 por ciento;<\/p>\n<p>&#8211; Aumentar la distancia de frenado con el veh\u00edculo que les antecede;<\/p>\n<p>&#8211; No realizar maniobras bruscas ni frenadas;<\/p>\n<p>&#8211; No utilizar balizas mientras est\u00e1 circulando;<\/p>\n<p>&#8211; No sobrepasar a otro veh\u00edculo en presencia de doble l\u00ednea amarilla.<\/p>\n<p>&#8211; Ante la ca\u00edda de granizo, no detenerse debajo de puentes, ni en la zona de camino. Siempre resguardarse en sitios seguros tales como estaciones de servicio y paradores.<\/p>\n","protected":false},"excerpt":{"rendered":"<p>El Servicio Meteorol\u00f3gico incluy\u00f3 nuevamente al \u00e1rea de Rosario y sur de Santa Fe entre las que se ver\u00edan afectadas por un nuevo temporal de lluvia, viento y eventual ca\u00edda de granizo. El Servicio Meteorol\u00f3gico Nacional (SMN) volvi\u00f3 a incluir al \u00e1rea de Rosario en una nueva alerta por tormentas fuertes, en medio de condiciones <a href=\"https:\/\/armstrongyregion.com.ar\/diario\/alerta-que-va-y-viene-otra-vez-advierten-sobre-tormentas\/\" title=\"Read more\" >&#8230;<\/a><\/p>\n","protected":false},"author":2,"featured_media":3481,"comment_status":"open","ping_status":"open","sticky":false,"template":"","format":"standard","meta":{"_jetpack_memberships_contains_paid_content":false,"footnotes":"","jetpack_publicize_message":"","jetpack_publicize_feature_enabled":true,"jetpack_social_post_already_shared":false,"jetpack_social_options":{"image_generator_settings":{"template":"highway","default_image_id":0,"enabled":false},"version":2}},"categories":[1,2,3],"tags":[2464,230,2378,108,118,417,1765,2463,717,13],"class_list":["post-3480","post","type-post","status-publish","format-standard","has-post-thumbnail","hentry","category-diario-armstrong","category-locales","category-region","tag-advierten","tag-alerta","tag-otra","tag-que","tag-sobre","tag-tormentas","tag-va","tag-vez","tag-viene","tag-y"],"jetpack_publicize_connections":[],"jetpack_featured_media_url":"https:\/\/armstrongyregion.com.ar\/diario\/wp-content\/uploads\/2015\/08\/alerta-meteorologica.jpg","jetpack_shortlink":"https:\/\/wp.me\/p62QDO-U8","jetpack_sharing_enabled":true,"amp_enabled":true,"_links":{"self":[{"href":"https:\/\/armstrongyregion.com.ar\/diario\/wp-json\/wp\/v2\/posts\/3480","targetHints":{"allow":["GET"]}}],"collection":[{"href":"https:\/\/armstrongyregion.com.ar\/diario\/wp-json\/wp\/v2\/posts"}],"about":[{"href":"https:\/\/armstrongyregion.com.ar\/diario\/wp-json\/wp\/v2\/types\/post"}],"author":[{"embeddable":true,"href":"https:\/\/armstrongyregion.com.ar\/diario\/wp-json\/wp\/v2\/users\/2"}],"replies":[{"embeddable":true,"href":"https:\/\/armstrongyregion.com.ar\/diario\/wp-json\/wp\/v2\/comments?post=3480"}],"version-history":[{"count":0,"href":"https:\/\/armstrongyregion.com.ar\/diario\/wp-json\/wp\/v2\/posts\/3480\/revisions"}],"wp:featuredmedia":[{"embeddable":true,"href":"https:\/\/armstrongyregion.com.ar\/diario\/wp-json\/wp\/v2\/media\/3481"}],"wp:attachment":[{"href":"https:\/\/armstrongyregion.com.ar\/diario\/wp-json\/wp\/v2\/media?parent=3480"}],"wp:term":[{"taxonomy":"category","embeddable":true,"href":"https:\/\/armstrongyregion.com.ar\/diario\/wp-json\/wp\/v2\/categories?post=3480"},{"taxonomy":"post_tag","embeddable":true,"href":"https:\/\/armstrongyregion.com.ar\/diario\/wp-json\/wp\/v2\/tags?post=3480"}],"curies":[{"name":"wp","href":"https:\/\/api.w.org\/{rel}","templated":true}]}}