{"id":34770,"date":"2022-06-16T01:29:13","date_gmt":"2022-06-16T01:29:13","guid":{"rendered":"https:\/\/armstrongyregion.com.ar\/diario\/?p=34770"},"modified":"2022-06-16T01:29:14","modified_gmt":"2022-06-16T01:29:14","slug":"la-provincia-presenta-la-muestra-fotografica-presencialidades","status":"publish","type":"post","link":"https:\/\/armstrongyregion.com.ar\/diario\/la-provincia-presenta-la-muestra-fotografica-presencialidades\/","title":{"rendered":"La provincia presenta la muestra fotogr\u00e1fica \u201cPresencialidades\u201d"},"content":{"rendered":"\n<figure class=\"wp-block-image size-large\"><img loading=\"lazy\" decoding=\"async\" width=\"591\" height=\"391\" src=\"http:\/\/armstrongyregion.com.ar\/diario\/wp-content\/uploads\/2022\/06\/fotografia-1-.jpg\" alt=\"\" class=\"wp-image-34771\" srcset=\"https:\/\/armstrongyregion.com.ar\/diario\/wp-content\/uploads\/2022\/06\/fotografia-1-.jpg 591w, https:\/\/armstrongyregion.com.ar\/diario\/wp-content\/uploads\/2022\/06\/fotografia-1--300x198.jpg 300w\" sizes=\"auto, (max-width: 591px) 100vw, 591px\" \/><\/figure>\n\n\n\n<h2 class=\"wp-block-heading\"> Este jueves en la Casa de Santa Fe en la Ciudad Aut\u00f3noma de Buenos Aires se lanzar\u00e1 una exposici\u00f3n que exhibe los trabajos de fot\u00f3grafas y fot\u00f3grafos, en el marco del programa Cultura Circular. <\/h2>\n\n\n\n<p>\n\nEl Ministerio de Cultura inaugurar\u00e1 este jueves a las 18 horas en la Casa de Santa Fe en la Ciudad Aut\u00f3noma de Buenos Aires, 25 de Mayo 178, la muestra \u201cPresencialidades\u201d, que exhibir\u00e1 registros fotogr\u00e1ficos de 54 profesionales de toda la provincia de Santa Fe, con la curadur\u00eda de H\u00e9ctor R\u00edo.<\/p>\n\n\n\n<p>La muestra, que ser\u00e1 exhibida hasta el pr\u00f3ximo 25 de julio, forma parte del programa Cultura Circular, que coordina el m\u00fasico H\u00e9ctor Pichi De Benedictis, y es una iniciativa del Ministerio de Cultura de la provincia de Santa Fe, que busca recorrer con las producciones art\u00edsticas locales todo el territorio provincial y nacional.<\/p>\n\n\n\n<p>Al respecto, el ministro de Cultura de la provincia de Santa Fe, Jorge Lonch, indic\u00f3 que \u201cCultura Circular es una propuesta in\u00e9dita, transversal y federal, que apunta a que la producci\u00f3n cultural de la provincia sea visibilizada en todo su potencial. Las muestras que incluye el programa viajan de pueblo en pueblo y de provincia en provincia\u201d.<\/p>\n\n\n\n<p>Asimismo, el titular de la cartera cultural se\u00f1al\u00f3, en referencia a las fot\u00f3grafas y los fot\u00f3grafos participantes, que \u201cresulta muy interesante observar que quienes tienen una vasta trayectoria y un merecido reconocimiento nacional e internacional se entremezclan con j\u00f3venes de quienes ya se vislumbra un futuro promisorio\u201d.<\/p>\n\n\n\n<p><strong>LAS Y LOS PROTAGONISTAS DE LA MUESTRA<\/strong><br>Las autoras y autores que participan de la exposici\u00f3n son Aime Luna, Alejandra Peralta, Alejandro Lamas, Ana Paula Ocampo, Andrea Ostera, Candela Batistoni, Beatriz Leguiza, Carolina Tarre, Carolina Niklison, Cecilia Fern\u00e1ndez, Cecilia Lenardon, Cesar Arfeliz, Federico Fontana, Federico Inchaupse, Franco Trovato Fuoco, Grabriel Durando, Gabriela Carvalho, Gabriela Muzzio, Gast\u00f3n Cerbino , Guido Bigiolli, Guillermo Tur\u00edn Botello, H\u00e9ctor Rio, Isis Milanese, Jesu Antu\u00f1a, Laura Aguzin, Laura Glusman, Marcos L\u00f3pez, Maria Crosetti, Mar\u00eda Bel\u00e9n Gar\u00f3falo, Maria Virginia Molinari, Maria Zorzon, Mart\u00edn Galarza, Mat\u00edas Pintos, Mat\u00edas Sarlo, Mauricio Centuri\u00f3n, Miguel Grattier, Monica Fessel, Mora S\u00e1nchez, Nicola Constantino, Norberto Puzzolo, Oscar Dechiara, Paulina Antelo, Raul Cottone, Roberto Guidotti, Paulina Scheitlin, Sebasti\u00e1n L\u00f3pez Brach, Sebasti\u00e1n Pachoud, Sergio Fasola, Silvina Salinas, Silvana Helbling, Silvio Moriconi, Trinidad Bussolaro, Valeria Galliso y Virginia Benedetto.<\/p>\n\n\n\n<p>Foto 1: \u00abEscape al r\u00edo\u00bb, de Mart\u00edn Galarza.<br><a href=\"https:\/\/www.santafe.gov.ar\/noticias\/recursos\/fotos\/2022\/06\/2022-06-14NID_274994O_2.jpeg\" target=\"_blank\" rel=\"noreferrer noopener\">Foto 2: \u00abAutorretrato en cuarentena\u00bb, de Aime Luna<\/a><\/p>\n","protected":false},"excerpt":{"rendered":"<p>Este jueves en la Casa de Santa Fe en la Ciudad Aut\u00f3noma de Buenos Aires se lanzar\u00e1 una exposici\u00f3n que exhibe los trabajos de fot\u00f3grafas y fot\u00f3grafos, en el marco del programa Cultura Circular. El Ministerio de Cultura inaugurar\u00e1 este jueves a las 18 horas en la Casa de Santa Fe en la Ciudad Aut\u00f3noma <a href=\"https:\/\/armstrongyregion.com.ar\/diario\/la-provincia-presenta-la-muestra-fotografica-presencialidades\/\" title=\"Read more\" >&#8230;<\/a><\/p>\n","protected":false},"author":1,"featured_media":34771,"comment_status":"open","ping_status":"open","sticky":false,"template":"","format":"image","meta":{"_jetpack_memberships_contains_paid_content":false,"footnotes":"","jetpack_publicize_message":"","jetpack_publicize_feature_enabled":true,"jetpack_social_post_already_shared":true,"jetpack_social_options":{"image_generator_settings":{"template":"highway","default_image_id":0,"enabled":false},"version":2}},"categories":[6,8,1,2,7,3],"tags":[],"class_list":["post-34770","post","type-post","status-publish","format-image","has-post-thumbnail","hentry","category-cultura-entretenimiento","category-deliberando","category-diario-armstrong","category-locales","category-politica","category-region","post_format-post-format-image"],"jetpack_publicize_connections":[],"jetpack_featured_media_url":"https:\/\/armstrongyregion.com.ar\/diario\/wp-content\/uploads\/2022\/06\/fotografia-1-.jpg","jetpack_shortlink":"https:\/\/wp.me\/p62QDO-92O","jetpack_sharing_enabled":true,"amp_enabled":true,"_links":{"self":[{"href":"https:\/\/armstrongyregion.com.ar\/diario\/wp-json\/wp\/v2\/posts\/34770","targetHints":{"allow":["GET"]}}],"collection":[{"href":"https:\/\/armstrongyregion.com.ar\/diario\/wp-json\/wp\/v2\/posts"}],"about":[{"href":"https:\/\/armstrongyregion.com.ar\/diario\/wp-json\/wp\/v2\/types\/post"}],"author":[{"embeddable":true,"href":"https:\/\/armstrongyregion.com.ar\/diario\/wp-json\/wp\/v2\/users\/1"}],"replies":[{"embeddable":true,"href":"https:\/\/armstrongyregion.com.ar\/diario\/wp-json\/wp\/v2\/comments?post=34770"}],"version-history":[{"count":1,"href":"https:\/\/armstrongyregion.com.ar\/diario\/wp-json\/wp\/v2\/posts\/34770\/revisions"}],"predecessor-version":[{"id":34772,"href":"https:\/\/armstrongyregion.com.ar\/diario\/wp-json\/wp\/v2\/posts\/34770\/revisions\/34772"}],"wp:featuredmedia":[{"embeddable":true,"href":"https:\/\/armstrongyregion.com.ar\/diario\/wp-json\/wp\/v2\/media\/34771"}],"wp:attachment":[{"href":"https:\/\/armstrongyregion.com.ar\/diario\/wp-json\/wp\/v2\/media?parent=34770"}],"wp:term":[{"taxonomy":"category","embeddable":true,"href":"https:\/\/armstrongyregion.com.ar\/diario\/wp-json\/wp\/v2\/categories?post=34770"},{"taxonomy":"post_tag","embeddable":true,"href":"https:\/\/armstrongyregion.com.ar\/diario\/wp-json\/wp\/v2\/tags?post=34770"}],"curies":[{"name":"wp","href":"https:\/\/api.w.org\/{rel}","templated":true}]}}