{"id":34767,"date":"2022-06-16T01:24:04","date_gmt":"2022-06-16T01:24:04","guid":{"rendered":"https:\/\/armstrongyregion.com.ar\/diario\/?p=34767"},"modified":"2022-06-16T01:24:05","modified_gmt":"2022-06-16T01:24:05","slug":"homenaje-a-veteranos-y-caidos-de-la-provincia-de-santa-fe-en-la-guerra-de-malvinas","status":"publish","type":"post","link":"https:\/\/armstrongyregion.com.ar\/diario\/homenaje-a-veteranos-y-caidos-de-la-provincia-de-santa-fe-en-la-guerra-de-malvinas\/","title":{"rendered":"Homenaje a veteranos y ca\u00eddos de la provincia de Santa Fe en la guerra de Malvinas."},"content":{"rendered":"\n<figure class=\"wp-block-image size-large\"><img loading=\"lazy\" decoding=\"async\" width=\"800\" height=\"450\" src=\"http:\/\/armstrongyregion.com.ar\/diario\/wp-content\/uploads\/2022\/06\/cornaglia-malvinas-15-06-.jpg\" alt=\"\" class=\"wp-image-34768\" srcset=\"https:\/\/armstrongyregion.com.ar\/diario\/wp-content\/uploads\/2022\/06\/cornaglia-malvinas-15-06-.jpg 800w, https:\/\/armstrongyregion.com.ar\/diario\/wp-content\/uploads\/2022\/06\/cornaglia-malvinas-15-06--300x169.jpg 300w, https:\/\/armstrongyregion.com.ar\/diario\/wp-content\/uploads\/2022\/06\/cornaglia-malvinas-15-06--768x432.jpg 768w\" sizes=\"auto, (max-width: 800px) 100vw, 800px\" \/><\/figure>\n\n\n\n<h2 class=\"wp-block-heading\"> El senador provincial Guillermo Cornaglia acompa\u00f1\u00f3 a los Veteranos y familiares de Ca\u00eddos del departamento Belgrano.<\/h2>\n\n\n\n<p>\n\nLa Legislatura de la Provincia de Santa Fe realiz\u00f3 un acto homenaje a los Veteranos y Ca\u00eddos de la Provincia en la Guerra de Malvinas. El mismo tuvo lugar en el espacio La Redonda, Arte y Vida Cotidiana, ubicado en la intersecci\u00f3n de las calles Salvador del Carril y Belgrano de la ciudad de Santa Fe, el martes 14 de junio a las 18 horas. El evento se realiz\u00f3 en el marco del 40\u00b0 aniversario por la Guerra de Malvinas.&nbsp;&nbsp;Por el departamento Belgrano fueron homenajeados Azpeitia Nelson Jos\u00e9, Bernacchini Jos\u00e9 Luis, Burgos Juan Carlos, Carrizo Gustavo Antonio Pedro, Chiarla Daniel Arturo, Giaretti Claudio Marcelo, Giorgi Luis Ricardo, Moser Roberto, Moyano Edgardo Enrique y Vallejo Sergio Ricardo.&nbsp;&nbsp;Estuvieron presentes en el evento la vicegobernadora y presidenta de la C\u00e1mara de Senadores de la Provincia de Santa Fe, Alejandra Rodenas, el presidente de la C\u00e1mara de Diputados, Pablo Far\u00edas, legisladores de ambas C\u00e1maras, entre ellos el senador por el departamento Belgrano Guillermo Cornaglia, autoridades provinciales e invitados especiales.&nbsp;&nbsp;En el acto se realiz\u00f3 un Homenaje a los H\u00e9roes Nacionales de Guerra, y de los Veteranos de Guerra de Malvinas Fallecidos. Sus familiares recibieron en su representaci\u00f3n los diplomas correspondientes. Tambi\u00e9n fueron homenajeados los Veteranos de la Guerra de Malvinas.\n\n<\/p>\n","protected":false},"excerpt":{"rendered":"<p>El senador provincial Guillermo Cornaglia acompa\u00f1\u00f3 a los Veteranos y familiares de Ca\u00eddos del departamento Belgrano. La Legislatura de la Provincia de Santa Fe realiz\u00f3 un acto homenaje a los Veteranos y Ca\u00eddos de la Provincia en la Guerra de Malvinas. El mismo tuvo lugar en el espacio La Redonda, Arte y Vida Cotidiana, ubicado <a href=\"https:\/\/armstrongyregion.com.ar\/diario\/homenaje-a-veteranos-y-caidos-de-la-provincia-de-santa-fe-en-la-guerra-de-malvinas\/\" title=\"Read more\" >&#8230;<\/a><\/p>\n","protected":false},"author":1,"featured_media":34768,"comment_status":"open","ping_status":"open","sticky":false,"template":"","format":"image","meta":{"_jetpack_memberships_contains_paid_content":false,"footnotes":"","jetpack_publicize_message":"","jetpack_publicize_feature_enabled":true,"jetpack_social_post_already_shared":true,"jetpack_social_options":{"image_generator_settings":{"template":"highway","default_image_id":0,"enabled":false},"version":2}},"categories":[6,8,1,2,7,3],"tags":[],"class_list":["post-34767","post","type-post","status-publish","format-image","has-post-thumbnail","hentry","category-cultura-entretenimiento","category-deliberando","category-diario-armstrong","category-locales","category-politica","category-region","post_format-post-format-image"],"jetpack_publicize_connections":[],"jetpack_featured_media_url":"https:\/\/armstrongyregion.com.ar\/diario\/wp-content\/uploads\/2022\/06\/cornaglia-malvinas-15-06-.jpg","jetpack_shortlink":"https:\/\/wp.me\/p62QDO-92L","jetpack_sharing_enabled":true,"amp_enabled":true,"_links":{"self":[{"href":"https:\/\/armstrongyregion.com.ar\/diario\/wp-json\/wp\/v2\/posts\/34767","targetHints":{"allow":["GET"]}}],"collection":[{"href":"https:\/\/armstrongyregion.com.ar\/diario\/wp-json\/wp\/v2\/posts"}],"about":[{"href":"https:\/\/armstrongyregion.com.ar\/diario\/wp-json\/wp\/v2\/types\/post"}],"author":[{"embeddable":true,"href":"https:\/\/armstrongyregion.com.ar\/diario\/wp-json\/wp\/v2\/users\/1"}],"replies":[{"embeddable":true,"href":"https:\/\/armstrongyregion.com.ar\/diario\/wp-json\/wp\/v2\/comments?post=34767"}],"version-history":[{"count":1,"href":"https:\/\/armstrongyregion.com.ar\/diario\/wp-json\/wp\/v2\/posts\/34767\/revisions"}],"predecessor-version":[{"id":34769,"href":"https:\/\/armstrongyregion.com.ar\/diario\/wp-json\/wp\/v2\/posts\/34767\/revisions\/34769"}],"wp:featuredmedia":[{"embeddable":true,"href":"https:\/\/armstrongyregion.com.ar\/diario\/wp-json\/wp\/v2\/media\/34768"}],"wp:attachment":[{"href":"https:\/\/armstrongyregion.com.ar\/diario\/wp-json\/wp\/v2\/media?parent=34767"}],"wp:term":[{"taxonomy":"category","embeddable":true,"href":"https:\/\/armstrongyregion.com.ar\/diario\/wp-json\/wp\/v2\/categories?post=34767"},{"taxonomy":"post_tag","embeddable":true,"href":"https:\/\/armstrongyregion.com.ar\/diario\/wp-json\/wp\/v2\/tags?post=34767"}],"curies":[{"name":"wp","href":"https:\/\/api.w.org\/{rel}","templated":true}]}}