{"id":34758,"date":"2022-06-14T22:05:43","date_gmt":"2022-06-14T22:05:43","guid":{"rendered":"https:\/\/armstrongyregion.com.ar\/diario\/?p=34758"},"modified":"2022-06-14T22:05:44","modified_gmt":"2022-06-14T22:05:44","slug":"la-provincia-entrego-aportes-para-obras-en-edificios-de-seguridad-por-mas-de-45-millones-de-pesos","status":"publish","type":"post","link":"https:\/\/armstrongyregion.com.ar\/diario\/la-provincia-entrego-aportes-para-obras-en-edificios-de-seguridad-por-mas-de-45-millones-de-pesos\/","title":{"rendered":"La provincia entreg\u00f3 aportes para obras en edificios de seguridad por m\u00e1s de 45 millones de pesos."},"content":{"rendered":"\n<figure class=\"wp-block-image size-large\"><img loading=\"lazy\" decoding=\"async\" width=\"800\" height=\"534\" src=\"http:\/\/armstrongyregion.com.ar\/diario\/wp-content\/uploads\/2022\/06\/registros-civiles-14-6-22.jpg\" alt=\"\" class=\"wp-image-34759\" srcset=\"https:\/\/armstrongyregion.com.ar\/diario\/wp-content\/uploads\/2022\/06\/registros-civiles-14-6-22.jpg 800w, https:\/\/armstrongyregion.com.ar\/diario\/wp-content\/uploads\/2022\/06\/registros-civiles-14-6-22-300x200.jpg 300w, https:\/\/armstrongyregion.com.ar\/diario\/wp-content\/uploads\/2022\/06\/registros-civiles-14-6-22-768x513.jpg 768w\" sizes=\"auto, (max-width: 800px) 100vw, 800px\" \/><\/figure>\n\n\n\n<h2 class=\"wp-block-heading\"> Las comunas de Arequito, Bigand, Chab\u00e1s, Cha\u00f1ar Ladeado y San Jos\u00e9 de la Esquina recibieron los fondos para remodelar y renovar los edificios p\u00fablicos. <\/h2>\n\n\n\n<p>\n\nLos ministros de Infraestructura, Servicios P\u00fablicos y H\u00e1bitat, Silvina Frana, y de Seguridad, Jorge Lagna, entregaron fondos para la ejecuci\u00f3n de obras en cinco localidades del departamento Caseros: Arequito, Bigand, Chab\u00e1s, Cha\u00f1ar Ladeado y San Jos\u00e9 de la Esquina, por un monto superior a los 45 millones de pesos, con el objetivo de continuar promoviendo la infraestructura f\u00edsica y fortalecimiento institucional de los edificios p\u00fablicos en materia civil y de seguridad.<\/p>\n\n\n\n<p>Durante el encuentro, la ministra Frana destac\u00f3 el impacto de la entrega de aportes y afirm\u00f3: \u201cEl acompa\u00f1amiento del Estado provincial para la ejecuci\u00f3n de obras en cada localidad, es lo que nos impulsa el gobernador Omar Perotti, y en este caso, tambi\u00e9n impulsado por el senador departamental Rosconi. Se trata de edificios que en algunos casos estaban en muy malas condiciones, y estos fondos van a permitir mejorar los espacios tanto para el personal que trabaja en estas dependencias como para la comunidad, y que cada vecino vea que los recursos se ejecutan en obras sin distinci\u00f3n pol\u00edtica\u00bb.<\/p>\n\n\n\n<p>A su turno, el ministro Lagna consider\u00f3 que estos convenios son muy importantes para la comunidad: \u00abNo se trata de comisar\u00edas solamente sino de centros c\u00edvicos donde se encuentra la comisar\u00eda, el juzgado de paz, la comuna y donde acuden los vecinos y vecinas del pueblo a hacer sus tr\u00e1mites y denuncias. Y para esto necesitamos que haya &nbsp;ambientes confortables no solo para el que va a hacer una denuncia sino tambi\u00e9n para los polic\u00edas y funcionarios que d\u00eda a d\u00eda est\u00e1n trabajando en esos lugares\u00bb.<\/p>\n\n\n\n<p>Finalmente, el senador departamental Eduardo Rosconi manifest\u00f3 la alegr\u00eda de estos convenios: \u00abEsta gesti\u00f3n la valoramos mucho, porque son espacios muy importantes para la comunidad, porque conviven la comisar\u00eda, el registro civil y el juzgado. Por eso, estos aportes van a permitir que haya un servicio m\u00e1s eficiente, espacios confortables para el personal y los vecinos que se acercan. Y destaco que esta gesti\u00f3n no discrimina, porque son localidades de otro signo pol\u00edtico, como las obras que se est\u00e1n ejecutando con aportes del ministerio de Infraestructura en el Instituto de Porcinotecnia en Cha\u00f1ar Ladeado, la construcci\u00f3n de una farmacia en el hospital de Casilda, y las obras del samco de Villada\u00bb.<\/p>\n\n\n\n<p><strong>EL DETALLE DE LAS OBRAS<\/strong><br>Remodelaci\u00f3n de Comisar\u00eda, Registro Civil y Juzgado de Peque\u00f1as Causas de Arequito &#8211; aporte $12.346.660<\/p>\n\n\n\n<p>Reparaci\u00f3n y renovaci\u00f3n de la comisar\u00eda 6\u00ba de Bigand &#8211; aporte $9.804.089,20.<\/p>\n\n\n\n<p>Remodelaci\u00f3n de Comisar\u00eda, Registro Civil y Juzgado de Peque\u00f1as Causas de Chab\u00e1s &#8211; aporte $12.726.019<\/p>\n\n\n\n<p>Remodelaci\u00f3n de Comisar\u00eda y Juzgado de Peque\u00f1as Causas de Cha\u00f1ar Ladeado &#8211; aporte $6.191.950<\/p>\n\n\n\n<p>Remodelaci\u00f3n de Comisar\u00eda, Registro Civil y Juzgado de Peque\u00f1as Causas de San Jos\u00e9 de la Esquina &#8211; aporte $4.231.182,56.<br><\/p>\n","protected":false},"excerpt":{"rendered":"<p>Las comunas de Arequito, Bigand, Chab\u00e1s, Cha\u00f1ar Ladeado y San Jos\u00e9 de la Esquina recibieron los fondos para remodelar y renovar los edificios p\u00fablicos. Los ministros de Infraestructura, Servicios P\u00fablicos y H\u00e1bitat, Silvina Frana, y de Seguridad, Jorge Lagna, entregaron fondos para la ejecuci\u00f3n de obras en cinco localidades del departamento Caseros: Arequito, Bigand, Chab\u00e1s, <a href=\"https:\/\/armstrongyregion.com.ar\/diario\/la-provincia-entrego-aportes-para-obras-en-edificios-de-seguridad-por-mas-de-45-millones-de-pesos\/\" title=\"Read more\" >&#8230;<\/a><\/p>\n","protected":false},"author":1,"featured_media":34759,"comment_status":"open","ping_status":"open","sticky":false,"template":"","format":"image","meta":{"_jetpack_memberships_contains_paid_content":false,"footnotes":"","jetpack_publicize_message":"","jetpack_publicize_feature_enabled":true,"jetpack_social_post_already_shared":true,"jetpack_social_options":{"image_generator_settings":{"template":"highway","default_image_id":0,"enabled":false},"version":2}},"categories":[8,1,2,7,3],"tags":[],"class_list":["post-34758","post","type-post","status-publish","format-image","has-post-thumbnail","hentry","category-deliberando","category-diario-armstrong","category-locales","category-politica","category-region","post_format-post-format-image"],"jetpack_publicize_connections":[],"jetpack_featured_media_url":"https:\/\/armstrongyregion.com.ar\/diario\/wp-content\/uploads\/2022\/06\/registros-civiles-14-6-22.jpg","jetpack_shortlink":"https:\/\/wp.me\/p62QDO-92C","jetpack_sharing_enabled":true,"amp_enabled":true,"_links":{"self":[{"href":"https:\/\/armstrongyregion.com.ar\/diario\/wp-json\/wp\/v2\/posts\/34758","targetHints":{"allow":["GET"]}}],"collection":[{"href":"https:\/\/armstrongyregion.com.ar\/diario\/wp-json\/wp\/v2\/posts"}],"about":[{"href":"https:\/\/armstrongyregion.com.ar\/diario\/wp-json\/wp\/v2\/types\/post"}],"author":[{"embeddable":true,"href":"https:\/\/armstrongyregion.com.ar\/diario\/wp-json\/wp\/v2\/users\/1"}],"replies":[{"embeddable":true,"href":"https:\/\/armstrongyregion.com.ar\/diario\/wp-json\/wp\/v2\/comments?post=34758"}],"version-history":[{"count":1,"href":"https:\/\/armstrongyregion.com.ar\/diario\/wp-json\/wp\/v2\/posts\/34758\/revisions"}],"predecessor-version":[{"id":34760,"href":"https:\/\/armstrongyregion.com.ar\/diario\/wp-json\/wp\/v2\/posts\/34758\/revisions\/34760"}],"wp:featuredmedia":[{"embeddable":true,"href":"https:\/\/armstrongyregion.com.ar\/diario\/wp-json\/wp\/v2\/media\/34759"}],"wp:attachment":[{"href":"https:\/\/armstrongyregion.com.ar\/diario\/wp-json\/wp\/v2\/media?parent=34758"}],"wp:term":[{"taxonomy":"category","embeddable":true,"href":"https:\/\/armstrongyregion.com.ar\/diario\/wp-json\/wp\/v2\/categories?post=34758"},{"taxonomy":"post_tag","embeddable":true,"href":"https:\/\/armstrongyregion.com.ar\/diario\/wp-json\/wp\/v2\/tags?post=34758"}],"curies":[{"name":"wp","href":"https:\/\/api.w.org\/{rel}","templated":true}]}}