{"id":34738,"date":"2022-06-14T00:53:39","date_gmt":"2022-06-14T00:53:39","guid":{"rendered":"https:\/\/armstrongyregion.com.ar\/diario\/?p=34738"},"modified":"2022-06-14T00:53:43","modified_gmt":"2022-06-14T00:53:43","slug":"canada-de-gomez-municipio-y-fudeca-incorporan-nuevo-sistema-de-videovigilancia-en-centro-comercial-a-cielo-abierto","status":"publish","type":"post","link":"https:\/\/armstrongyregion.com.ar\/diario\/canada-de-gomez-municipio-y-fudeca-incorporan-nuevo-sistema-de-videovigilancia-en-centro-comercial-a-cielo-abierto\/","title":{"rendered":"Ca\u00f1ada de G\u00f3mez. Municipio y Fudeca incorporan nuevo sistema de videovigilancia en centro comercial a cielo abierto."},"content":{"rendered":"\n<figure class=\"wp-block-image size-large\"><img loading=\"lazy\" decoding=\"async\" width=\"504\" height=\"378\" src=\"http:\/\/armstrongyregion.com.ar\/diario\/wp-content\/uploads\/2022\/06\/Fudeca-clerici-.jpg\" alt=\"\" class=\"wp-image-34739\" srcset=\"https:\/\/armstrongyregion.com.ar\/diario\/wp-content\/uploads\/2022\/06\/Fudeca-clerici-.jpg 504w, https:\/\/armstrongyregion.com.ar\/diario\/wp-content\/uploads\/2022\/06\/Fudeca-clerici--300x225.jpg 300w\" sizes=\"auto, (max-width: 504px) 100vw, 504px\" \/><\/figure>\n\n\n\n<p>Se trata de veinte nuevas c\u00e1maras de \u00faltima tecnolog\u00eda, en el circuito comprendido entre Ocampo, San Mart\u00edn, Lavalle y Espa\u00f1a. \u201cEn conjunto, a trav\u00e9s de recursos e infraestructura, seguimos colaborando en materia de seguridad\u201d, afirm\u00f3 Cl\u00e9rici.<\/p>\n\n\n\n<p>Luego de la adquisici\u00f3n por parte del Municipio y Fudeca de los equipos y la instalaci\u00f3n de la fibra, empieza a funcionar en el microcentro un nuevo sistema de video vigilancia, que consta de inteligencia artificial. \u201cCon el asesoramiento t\u00e9cnico de parte del municipio, con la participaci\u00f3n y colaboraci\u00f3n de numerosos proveedores inclusive, se adquirieron las c\u00e1maras y se termin\u00f3 de instalar el sistema\u201d, ampli\u00f3 la intendenta municipal.<\/p>\n\n\n\n<p>Por su parte la presidenta de Fudeca, Natalia Ottaviani, destac\u00f3 la importancia del esfuerzo y el trabajo mancomunado institucional, para asignar recursos y colaborar con la seguridad de la poblaci\u00f3n.<\/p>\n\n\n\n<p>Desde el \u00e1rea de inform\u00e1tica del municipio explicaron que de las veinte c\u00e1maras que se incorporaron, ocho cuentan con reconocimiento vehicular. \u201cSe trata de tecnolog\u00eda de \u00faltima generaci\u00f3n\u201d.<\/p>\n\n\n\n<p>\u201cDe este modo continuamos trabajando entre todos, para colaborar en el cuidado de nuestro sector comercial y de todos los ca\u00f1adenses\u201d, coincidieron.<\/p>\n","protected":false},"excerpt":{"rendered":"<p>Se trata de veinte nuevas c\u00e1maras de \u00faltima tecnolog\u00eda, en el circuito comprendido entre Ocampo, San Mart\u00edn, Lavalle y Espa\u00f1a. \u201cEn conjunto, a trav\u00e9s de recursos e infraestructura, seguimos colaborando en materia de seguridad\u201d, afirm\u00f3 Cl\u00e9rici. Luego de la adquisici\u00f3n por parte del Municipio y Fudeca de los equipos y la instalaci\u00f3n de la fibra, <a href=\"https:\/\/armstrongyregion.com.ar\/diario\/canada-de-gomez-municipio-y-fudeca-incorporan-nuevo-sistema-de-videovigilancia-en-centro-comercial-a-cielo-abierto\/\" title=\"Read more\" >&#8230;<\/a><\/p>\n","protected":false},"author":1,"featured_media":34739,"comment_status":"open","ping_status":"open","sticky":false,"template":"","format":"image","meta":{"_jetpack_memberships_contains_paid_content":false,"footnotes":"","jetpack_publicize_message":"","jetpack_publicize_feature_enabled":true,"jetpack_social_post_already_shared":true,"jetpack_social_options":{"image_generator_settings":{"template":"highway","default_image_id":0,"enabled":false},"version":2}},"categories":[6,8,1,7,3],"tags":[],"class_list":["post-34738","post","type-post","status-publish","format-image","has-post-thumbnail","hentry","category-cultura-entretenimiento","category-deliberando","category-diario-armstrong","category-politica","category-region","post_format-post-format-image"],"jetpack_publicize_connections":[],"jetpack_featured_media_url":"https:\/\/armstrongyregion.com.ar\/diario\/wp-content\/uploads\/2022\/06\/Fudeca-clerici-.jpg","jetpack_shortlink":"https:\/\/wp.me\/p62QDO-92i","jetpack_sharing_enabled":true,"amp_enabled":true,"_links":{"self":[{"href":"https:\/\/armstrongyregion.com.ar\/diario\/wp-json\/wp\/v2\/posts\/34738","targetHints":{"allow":["GET"]}}],"collection":[{"href":"https:\/\/armstrongyregion.com.ar\/diario\/wp-json\/wp\/v2\/posts"}],"about":[{"href":"https:\/\/armstrongyregion.com.ar\/diario\/wp-json\/wp\/v2\/types\/post"}],"author":[{"embeddable":true,"href":"https:\/\/armstrongyregion.com.ar\/diario\/wp-json\/wp\/v2\/users\/1"}],"replies":[{"embeddable":true,"href":"https:\/\/armstrongyregion.com.ar\/diario\/wp-json\/wp\/v2\/comments?post=34738"}],"version-history":[{"count":1,"href":"https:\/\/armstrongyregion.com.ar\/diario\/wp-json\/wp\/v2\/posts\/34738\/revisions"}],"predecessor-version":[{"id":34740,"href":"https:\/\/armstrongyregion.com.ar\/diario\/wp-json\/wp\/v2\/posts\/34738\/revisions\/34740"}],"wp:featuredmedia":[{"embeddable":true,"href":"https:\/\/armstrongyregion.com.ar\/diario\/wp-json\/wp\/v2\/media\/34739"}],"wp:attachment":[{"href":"https:\/\/armstrongyregion.com.ar\/diario\/wp-json\/wp\/v2\/media?parent=34738"}],"wp:term":[{"taxonomy":"category","embeddable":true,"href":"https:\/\/armstrongyregion.com.ar\/diario\/wp-json\/wp\/v2\/categories?post=34738"},{"taxonomy":"post_tag","embeddable":true,"href":"https:\/\/armstrongyregion.com.ar\/diario\/wp-json\/wp\/v2\/tags?post=34738"}],"curies":[{"name":"wp","href":"https:\/\/api.w.org\/{rel}","templated":true}]}}