{"id":34729,"date":"2022-06-12T21:02:49","date_gmt":"2022-06-12T21:02:49","guid":{"rendered":"https:\/\/armstrongyregion.com.ar\/diario\/?p=34729"},"modified":"2022-06-12T21:02:50","modified_gmt":"2022-06-12T21:02:50","slug":"la-provincia-registro-4-730-nuevos-puestos-de-trabajo-en-la-ultima-medicion-mensual","status":"publish","type":"post","link":"https:\/\/armstrongyregion.com.ar\/diario\/la-provincia-registro-4-730-nuevos-puestos-de-trabajo-en-la-ultima-medicion-mensual\/","title":{"rendered":"La provincia registr\u00f3 4.730 nuevos puestos de trabajo en la \u00faltima medici\u00f3n mensual."},"content":{"rendered":"\n<figure class=\"wp-block-image size-large\"><img loading=\"lazy\" decoding=\"async\" width=\"480\" height=\"270\" src=\"http:\/\/armstrongyregion.com.ar\/diario\/wp-content\/uploads\/2022\/06\/puestos-nuevos-s-f-.jpg\" alt=\"\" class=\"wp-image-34730\" srcset=\"https:\/\/armstrongyregion.com.ar\/diario\/wp-content\/uploads\/2022\/06\/puestos-nuevos-s-f-.jpg 480w, https:\/\/armstrongyregion.com.ar\/diario\/wp-content\/uploads\/2022\/06\/puestos-nuevos-s-f--300x169.jpg 300w\" sizes=\"auto, (max-width: 480px) 100vw, 480px\" \/><\/figure>\n\n\n\n<h2 class=\"wp-block-heading\"> Los recientes datos publicados por el Ministerio de Trabajo de la Naci\u00f3n confirman que la econom\u00eda provincial contin\u00faa con su tendencia expansiva. <\/h2>\n\n\n\n<p>\n\nLa provincia de Santa Fe registr\u00f3 un total de 506.310 asalariados en el sector privado en el mes de marzo de 2022, lo cual implica un aumento del 0,94% respecto del mes anterior. En comparaci\u00f3n con el mes de marzo de 2021 este porcentaje se eleva al 3,61%, lo cual significa un ingreso de casi 18.000 personas al mercado de trabajo formal durante los \u00faltimos 12 meses. Estas cifras fueron dadas a conocer por el Ministerio de Trabajo de la Naci\u00f3n en su informe \u201cSituaci\u00f3n y Evoluci\u00f3n del Trabajo Registrado\u201d del mes de junio.<\/p>\n\n\n\n<p>El ministro de Trabajo, Empleo y Seguridad Social, Juan Manuel Pusineri, subray\u00f3 que \u201ctenemos que retrotraernos a los a\u00f1os 2017 y 2018 para encontrar una cifra similar de trabajadoras y trabajadores integrados al mercado de trabajo formal\u201d.<\/p>\n\n\n\n<p>\u201cUna vez m\u00e1s manifestamos que los indicadores laborales nos presentan una situaci\u00f3n a\u00fan mejor que en la pre-pandemia. Esto nos habla del impacto real que est\u00e1n teniendo todas las pol\u00edticas de reactivaci\u00f3n de la actividad econ\u00f3mica y del empleo puestas en marcha tanto a nivel nacional como provincial y que el gobernador Omar Perotti ha definido como prioritarias para hacer de Santa Fe el coraz\u00f3n productivo del pa\u00eds\u201d.<\/p>\n\n\n\n<p>\u201cHoy las industrias y empresas santafesinas cuentan con una bater\u00eda de recursos puestos a disposici\u00f3n por el gobierno provincial para acompa\u00f1ar y fortalecer este momento de crecimiento. Porque estamos del lado de los que producen y de los que generan trabajo, ya que son las acciones m\u00e1s efectivas para distribuir en forma m\u00e1s efectiva y combatir la pobreza y la inseguridad. Sabemos que tenemos desaf\u00edos por afrontar, fundamentalmente en relaci\u00f3n al poder adquisitivo del salario y al empleo de calidad, y estamos abocados a ellos\u201d, manifest\u00f3 el funcionario.<\/p>\n\n\n\n<p>\u201cEs probable que la generaci\u00f3n de empleo acompa\u00f1e la fase expansiva de la econom\u00eda durante los pr\u00f3ximos meses. Ya hay algunos informes, como por ejemplo los del sector de la industria metalmec\u00e1nica, que coinciden con esta apreciaci\u00f3n\u201d concluy\u00f3 Pusineri.<\/p>\n\n\n\n<p>El informe sobre Situaci\u00f3n y Evoluci\u00f3n del Trabajo Registrado presenta mensualmente un diagn\u00f3stico de la evoluci\u00f3n reciente del trabajo registrado, es decir, aquel con acceso a los beneficios contributivos provistos por el sistema de la seguridad social. La informaci\u00f3n describe la evoluci\u00f3n de la poblaci\u00f3n ocupada que se encuentra declarada en los distintos registros administrativos que integran el sistema de seguridad social.<\/p>\n","protected":false},"excerpt":{"rendered":"<p>Los recientes datos publicados por el Ministerio de Trabajo de la Naci\u00f3n confirman que la econom\u00eda provincial contin\u00faa con su tendencia expansiva. La provincia de Santa Fe registr\u00f3 un total de 506.310 asalariados en el sector privado en el mes de marzo de 2022, lo cual implica un aumento del 0,94% respecto del mes anterior. <a href=\"https:\/\/armstrongyregion.com.ar\/diario\/la-provincia-registro-4-730-nuevos-puestos-de-trabajo-en-la-ultima-medicion-mensual\/\" title=\"Read more\" >&#8230;<\/a><\/p>\n","protected":false},"author":1,"featured_media":34730,"comment_status":"open","ping_status":"open","sticky":false,"template":"","format":"image","meta":{"_jetpack_memberships_contains_paid_content":false,"footnotes":"","jetpack_publicize_message":"","jetpack_publicize_feature_enabled":true,"jetpack_social_post_already_shared":true,"jetpack_social_options":{"image_generator_settings":{"template":"highway","default_image_id":0,"enabled":false},"version":2}},"categories":[8,1,2,7,3],"tags":[],"class_list":["post-34729","post","type-post","status-publish","format-image","has-post-thumbnail","hentry","category-deliberando","category-diario-armstrong","category-locales","category-politica","category-region","post_format-post-format-image"],"jetpack_publicize_connections":[],"jetpack_featured_media_url":"https:\/\/armstrongyregion.com.ar\/diario\/wp-content\/uploads\/2022\/06\/puestos-nuevos-s-f-.jpg","jetpack_shortlink":"https:\/\/wp.me\/p62QDO-929","jetpack_sharing_enabled":true,"amp_enabled":true,"_links":{"self":[{"href":"https:\/\/armstrongyregion.com.ar\/diario\/wp-json\/wp\/v2\/posts\/34729","targetHints":{"allow":["GET"]}}],"collection":[{"href":"https:\/\/armstrongyregion.com.ar\/diario\/wp-json\/wp\/v2\/posts"}],"about":[{"href":"https:\/\/armstrongyregion.com.ar\/diario\/wp-json\/wp\/v2\/types\/post"}],"author":[{"embeddable":true,"href":"https:\/\/armstrongyregion.com.ar\/diario\/wp-json\/wp\/v2\/users\/1"}],"replies":[{"embeddable":true,"href":"https:\/\/armstrongyregion.com.ar\/diario\/wp-json\/wp\/v2\/comments?post=34729"}],"version-history":[{"count":1,"href":"https:\/\/armstrongyregion.com.ar\/diario\/wp-json\/wp\/v2\/posts\/34729\/revisions"}],"predecessor-version":[{"id":34731,"href":"https:\/\/armstrongyregion.com.ar\/diario\/wp-json\/wp\/v2\/posts\/34729\/revisions\/34731"}],"wp:featuredmedia":[{"embeddable":true,"href":"https:\/\/armstrongyregion.com.ar\/diario\/wp-json\/wp\/v2\/media\/34730"}],"wp:attachment":[{"href":"https:\/\/armstrongyregion.com.ar\/diario\/wp-json\/wp\/v2\/media?parent=34729"}],"wp:term":[{"taxonomy":"category","embeddable":true,"href":"https:\/\/armstrongyregion.com.ar\/diario\/wp-json\/wp\/v2\/categories?post=34729"},{"taxonomy":"post_tag","embeddable":true,"href":"https:\/\/armstrongyregion.com.ar\/diario\/wp-json\/wp\/v2\/tags?post=34729"}],"curies":[{"name":"wp","href":"https:\/\/api.w.org\/{rel}","templated":true}]}}