{"id":34714,"date":"2022-06-10T21:05:59","date_gmt":"2022-06-10T21:05:59","guid":{"rendered":"https:\/\/armstrongyregion.com.ar\/diario\/?p=34714"},"modified":"2022-06-10T21:06:02","modified_gmt":"2022-06-10T21:06:02","slug":"canada-de-gomez-nueva-edicion-de-la-expo-carreras","status":"publish","type":"post","link":"https:\/\/armstrongyregion.com.ar\/diario\/canada-de-gomez-nueva-edicion-de-la-expo-carreras\/","title":{"rendered":"Ca\u00f1ada de G\u00f3mez. Nueva Edici\u00f3n de la Expo-Carreras-"},"content":{"rendered":"\n<figure class=\"wp-block-image size-large\"><img loading=\"lazy\" decoding=\"async\" width=\"546\" height=\"546\" src=\"http:\/\/armstrongyregion.com.ar\/diario\/wp-content\/uploads\/2022\/06\/FLYUER-EXPO-1.png\" alt=\"\" class=\"wp-image-34715\" srcset=\"https:\/\/armstrongyregion.com.ar\/diario\/wp-content\/uploads\/2022\/06\/FLYUER-EXPO-1.png 546w, https:\/\/armstrongyregion.com.ar\/diario\/wp-content\/uploads\/2022\/06\/FLYUER-EXPO-1-300x300.png 300w, https:\/\/armstrongyregion.com.ar\/diario\/wp-content\/uploads\/2022\/06\/FLYUER-EXPO-1-150x150.png 150w\" sizes=\"auto, (max-width: 546px) 100vw, 546px\" \/><\/figure>\n\n\n\n<p>La Municipalidad de Ca\u00f1ada de G\u00f3mez junto a Fudeca realizan nueva edici\u00f3n de la Expo Carreras, mostrando la amplia oferta educativa que ofrece nuestra ciudad, consolidada como polo educativo en la regi\u00f3n.<\/p>\n\n\n\n<p>La misma se llevar\u00e1 a cabo los d\u00edas 14 y 16 de junio en el Centro de la Juventud y en ella expondr\u00e1n sus propuestas Fudeca, Nivel Terciario Colegio Florentino Ameghino, Instituto Superior del Profesorado N\u00b0 5, Escuela N\u00b0 692 Paula Albarrac\u00edn, Escuela de Enfermer\u00eda y Cecla N\u00b0 6626.<\/p>\n","protected":false},"excerpt":{"rendered":"<p>La Municipalidad de Ca\u00f1ada de G\u00f3mez junto a Fudeca realizan nueva edici\u00f3n de la Expo Carreras, mostrando la amplia oferta educativa que ofrece nuestra ciudad, consolidada como polo educativo en la regi\u00f3n. La misma se llevar\u00e1 a cabo los d\u00edas 14 y 16 de junio en el Centro de la Juventud y en ella expondr\u00e1n <a href=\"https:\/\/armstrongyregion.com.ar\/diario\/canada-de-gomez-nueva-edicion-de-la-expo-carreras\/\" title=\"Read more\" >&#8230;<\/a><\/p>\n","protected":false},"author":1,"featured_media":34715,"comment_status":"open","ping_status":"open","sticky":false,"template":"","format":"image","meta":{"_jetpack_memberships_contains_paid_content":false,"footnotes":"","jetpack_publicize_message":"","jetpack_publicize_feature_enabled":true,"jetpack_social_post_already_shared":true,"jetpack_social_options":{"image_generator_settings":{"template":"highway","default_image_id":0,"enabled":false},"version":2}},"categories":[6,1,7,3],"tags":[],"class_list":["post-34714","post","type-post","status-publish","format-image","has-post-thumbnail","hentry","category-cultura-entretenimiento","category-diario-armstrong","category-politica","category-region","post_format-post-format-image"],"jetpack_publicize_connections":[],"jetpack_featured_media_url":"https:\/\/armstrongyregion.com.ar\/diario\/wp-content\/uploads\/2022\/06\/FLYUER-EXPO-1.png","jetpack_shortlink":"https:\/\/wp.me\/p62QDO-91U","jetpack_sharing_enabled":true,"amp_enabled":true,"_links":{"self":[{"href":"https:\/\/armstrongyregion.com.ar\/diario\/wp-json\/wp\/v2\/posts\/34714","targetHints":{"allow":["GET"]}}],"collection":[{"href":"https:\/\/armstrongyregion.com.ar\/diario\/wp-json\/wp\/v2\/posts"}],"about":[{"href":"https:\/\/armstrongyregion.com.ar\/diario\/wp-json\/wp\/v2\/types\/post"}],"author":[{"embeddable":true,"href":"https:\/\/armstrongyregion.com.ar\/diario\/wp-json\/wp\/v2\/users\/1"}],"replies":[{"embeddable":true,"href":"https:\/\/armstrongyregion.com.ar\/diario\/wp-json\/wp\/v2\/comments?post=34714"}],"version-history":[{"count":1,"href":"https:\/\/armstrongyregion.com.ar\/diario\/wp-json\/wp\/v2\/posts\/34714\/revisions"}],"predecessor-version":[{"id":34716,"href":"https:\/\/armstrongyregion.com.ar\/diario\/wp-json\/wp\/v2\/posts\/34714\/revisions\/34716"}],"wp:featuredmedia":[{"embeddable":true,"href":"https:\/\/armstrongyregion.com.ar\/diario\/wp-json\/wp\/v2\/media\/34715"}],"wp:attachment":[{"href":"https:\/\/armstrongyregion.com.ar\/diario\/wp-json\/wp\/v2\/media?parent=34714"}],"wp:term":[{"taxonomy":"category","embeddable":true,"href":"https:\/\/armstrongyregion.com.ar\/diario\/wp-json\/wp\/v2\/categories?post=34714"},{"taxonomy":"post_tag","embeddable":true,"href":"https:\/\/armstrongyregion.com.ar\/diario\/wp-json\/wp\/v2\/tags?post=34714"}],"curies":[{"name":"wp","href":"https:\/\/api.w.org\/{rel}","templated":true}]}}