{"id":34711,"date":"2022-06-10T02:53:33","date_gmt":"2022-06-10T02:53:33","guid":{"rendered":"https:\/\/armstrongyregion.com.ar\/diario\/?p=34711"},"modified":"2022-06-10T02:53:34","modified_gmt":"2022-06-10T02:53:34","slug":"armstrong-colores-y-sabores-locales-el-domingo-12-de-junio","status":"publish","type":"post","link":"https:\/\/armstrongyregion.com.ar\/diario\/armstrong-colores-y-sabores-locales-el-domingo-12-de-junio\/","title":{"rendered":"Armstrong. Colores y Sabores locales, el domingo 12 de Junio."},"content":{"rendered":"\n<figure class=\"wp-block-image size-large\"><img loading=\"lazy\" decoding=\"async\" width=\"500\" height=\"500\" src=\"http:\/\/armstrongyregion.com.ar\/diario\/wp-content\/uploads\/2022\/06\/12_JUNIO_2022_-_feria.jpg\" alt=\"\" class=\"wp-image-34712\" srcset=\"https:\/\/armstrongyregion.com.ar\/diario\/wp-content\/uploads\/2022\/06\/12_JUNIO_2022_-_feria.jpg 500w, https:\/\/armstrongyregion.com.ar\/diario\/wp-content\/uploads\/2022\/06\/12_JUNIO_2022_-_feria-300x300.jpg 300w, https:\/\/armstrongyregion.com.ar\/diario\/wp-content\/uploads\/2022\/06\/12_JUNIO_2022_-_feria-150x150.jpg 150w\" sizes=\"auto, (max-width: 500px) 100vw, 500px\" \/><\/figure>\n\n\n\n<p>La Municipalidad de Armstrong invita a participar de la Feria Sabores y Colores Locales que se llevar\u00e1 a cabo el domingo 12 de junio a partir de las 15 hs nuevamente en Plaza San Mart\u00edn.<\/p>\n\n\n\n<p>Diferentes propuestas de emprendedores de nuestra ciudad y la regi\u00f3n quienes ponen a disposici\u00f3n del p\u00fablico toda su creatividad y originalidad, en este caso, para que el p\u00fablico pueda elegir los regalos por el d\u00eda del padre, apoyando la econom\u00eda social.<\/p>\n\n\n\n<p>Como siempre, habr\u00e1 m\u00fasica con DJ Gamal, servicio de buffet a cargo de los emprendedores, agua caliente, sorteos de los stands y la calle Virgen de la Merced se convertir\u00e1 en calle recreativa.<\/p>\n\n\n\n<p>Se suspende en caso de lluvia.<\/p>\n","protected":false},"excerpt":{"rendered":"<p>La Municipalidad de Armstrong invita a participar de la Feria Sabores y Colores Locales que se llevar\u00e1 a cabo el domingo 12 de junio a partir de las 15 hs nuevamente en Plaza San Mart\u00edn. Diferentes propuestas de emprendedores de nuestra ciudad y la regi\u00f3n quienes ponen a disposici\u00f3n del p\u00fablico toda su creatividad y <a href=\"https:\/\/armstrongyregion.com.ar\/diario\/armstrong-colores-y-sabores-locales-el-domingo-12-de-junio\/\" title=\"Read more\" >&#8230;<\/a><\/p>\n","protected":false},"author":1,"featured_media":34712,"comment_status":"open","ping_status":"open","sticky":false,"template":"","format":"image","meta":{"_jetpack_memberships_contains_paid_content":false,"footnotes":"","jetpack_publicize_message":"","jetpack_publicize_feature_enabled":true,"jetpack_social_post_already_shared":true,"jetpack_social_options":{"image_generator_settings":{"template":"highway","default_image_id":0,"enabled":false},"version":2}},"categories":[6,8,1,2,7],"tags":[],"class_list":["post-34711","post","type-post","status-publish","format-image","has-post-thumbnail","hentry","category-cultura-entretenimiento","category-deliberando","category-diario-armstrong","category-locales","category-politica","post_format-post-format-image"],"jetpack_publicize_connections":[],"jetpack_featured_media_url":"https:\/\/armstrongyregion.com.ar\/diario\/wp-content\/uploads\/2022\/06\/12_JUNIO_2022_-_feria.jpg","jetpack_shortlink":"https:\/\/wp.me\/p62QDO-91R","jetpack_sharing_enabled":true,"amp_enabled":true,"_links":{"self":[{"href":"https:\/\/armstrongyregion.com.ar\/diario\/wp-json\/wp\/v2\/posts\/34711","targetHints":{"allow":["GET"]}}],"collection":[{"href":"https:\/\/armstrongyregion.com.ar\/diario\/wp-json\/wp\/v2\/posts"}],"about":[{"href":"https:\/\/armstrongyregion.com.ar\/diario\/wp-json\/wp\/v2\/types\/post"}],"author":[{"embeddable":true,"href":"https:\/\/armstrongyregion.com.ar\/diario\/wp-json\/wp\/v2\/users\/1"}],"replies":[{"embeddable":true,"href":"https:\/\/armstrongyregion.com.ar\/diario\/wp-json\/wp\/v2\/comments?post=34711"}],"version-history":[{"count":1,"href":"https:\/\/armstrongyregion.com.ar\/diario\/wp-json\/wp\/v2\/posts\/34711\/revisions"}],"predecessor-version":[{"id":34713,"href":"https:\/\/armstrongyregion.com.ar\/diario\/wp-json\/wp\/v2\/posts\/34711\/revisions\/34713"}],"wp:featuredmedia":[{"embeddable":true,"href":"https:\/\/armstrongyregion.com.ar\/diario\/wp-json\/wp\/v2\/media\/34712"}],"wp:attachment":[{"href":"https:\/\/armstrongyregion.com.ar\/diario\/wp-json\/wp\/v2\/media?parent=34711"}],"wp:term":[{"taxonomy":"category","embeddable":true,"href":"https:\/\/armstrongyregion.com.ar\/diario\/wp-json\/wp\/v2\/categories?post=34711"},{"taxonomy":"post_tag","embeddable":true,"href":"https:\/\/armstrongyregion.com.ar\/diario\/wp-json\/wp\/v2\/tags?post=34711"}],"curies":[{"name":"wp","href":"https:\/\/api.w.org\/{rel}","templated":true}]}}