{"id":34708,"date":"2022-06-10T02:50:05","date_gmt":"2022-06-10T02:50:05","guid":{"rendered":"https:\/\/armstrongyregion.com.ar\/diario\/?p=34708"},"modified":"2022-06-10T02:50:06","modified_gmt":"2022-06-10T02:50:06","slug":"canada-de-gomez-concejales-justicialistas-exigen-la-urgente-y-definitiva-designacion-de-fiscales-y-respaldan-amparo-presentado-en-la-justicia","status":"publish","type":"post","link":"https:\/\/armstrongyregion.com.ar\/diario\/canada-de-gomez-concejales-justicialistas-exigen-la-urgente-y-definitiva-designacion-de-fiscales-y-respaldan-amparo-presentado-en-la-justicia\/","title":{"rendered":"Ca\u00f1ada de G\u00f3mez. Concejales justicialistas exigen la urgente y definitiva designaci\u00f3n de fiscales y respaldan amparo presentado en la justicia."},"content":{"rendered":"\n<figure class=\"wp-block-image size-large\"><img loading=\"lazy\" decoding=\"async\" width=\"540\" height=\"409\" src=\"http:\/\/armstrongyregion.com.ar\/diario\/wp-content\/uploads\/2022\/06\/Tribunales-fiscales-.jpg\" alt=\"\" class=\"wp-image-34709\" srcset=\"https:\/\/armstrongyregion.com.ar\/diario\/wp-content\/uploads\/2022\/06\/Tribunales-fiscales-.jpg 540w, https:\/\/armstrongyregion.com.ar\/diario\/wp-content\/uploads\/2022\/06\/Tribunales-fiscales--300x227.jpg 300w\" sizes=\"auto, (max-width: 540px) 100vw, 540px\" \/><\/figure>\n\n\n\n<p>Los concejales del Bloque Frente Justicialista respaldaron el recurso de amparo presentado d\u00edas atr\u00e1s por la intendenta Stella Cl\u00e9rici y exigen al Ministerio P\u00fablico de la Acusaci\u00f3n, la urgente y definitiva designaci\u00f3n de los fiscales que corresponden al Distrito Judicial \u00b0 6. Al respecto, el presidente del Concejo Marcelo Casalegno, junto a los ediles Diego D\u00edaz Patr\u00f3n, Marisel Loyola y H\u00e9ctor Wytrykusz, present\u00f3 un proyecto de resoluci\u00f3n.<\/p>\n\n\n\n<p>\u201cSolicitamos que se designen los fiscales que corresponden a nuestro distrito. Es una situaci\u00f3n que viene empeorando en los \u00faltimos a\u00f1os y necesitamos respuestas r\u00e1pidas y soluciones concretas\u201d, expres\u00f3 Casalegno. Al respecto, agregaron que: \u201cEs preocupante que el senador Rasetto minimice la situaci\u00f3n y no avale este reclamo. Desde hace a\u00f1os desde el Consejo de seguridad y Municipio venimos gestionando mayor infraestructura para el poder judicial. En el 2013 el por entonces gobernador Bonfatti dio una respuesta temporaria con el alquiler de un local y no podemos seguir tolerando soluciones parciales que van en detrimento del servicio de justicia\u201d.&nbsp;<\/p>\n\n\n\n<p>&nbsp;\u201cEn este contexto de notorio deterioro del Ministerio P\u00fablico, acompa\u00f1amos el pedido de la intendenta avalado por instituciones dentro del Consejo de Seguridad para que la ciudad y la regi\u00f3n tengan los fiscales que necesita y merece\u201d, remarcaron. Finalmente,&nbsp;subrayaron que esta denegaci\u00f3n de justicia afecta a 120 mil ciudadanos de los departamentos Belgrano, Iriondo, parte de San Lorenzo y San Jer\u00f3nimo.<\/p>\n","protected":false},"excerpt":{"rendered":"<p>Los concejales del Bloque Frente Justicialista respaldaron el recurso de amparo presentado d\u00edas atr\u00e1s por la intendenta Stella Cl\u00e9rici y exigen al Ministerio P\u00fablico de la Acusaci\u00f3n, la urgente y definitiva designaci\u00f3n de los fiscales que corresponden al Distrito Judicial \u00b0 6. Al respecto, el presidente del Concejo Marcelo Casalegno, junto a los ediles Diego <a href=\"https:\/\/armstrongyregion.com.ar\/diario\/canada-de-gomez-concejales-justicialistas-exigen-la-urgente-y-definitiva-designacion-de-fiscales-y-respaldan-amparo-presentado-en-la-justicia\/\" title=\"Read more\" >&#8230;<\/a><\/p>\n","protected":false},"author":1,"featured_media":34709,"comment_status":"open","ping_status":"open","sticky":false,"template":"","format":"image","meta":{"_jetpack_memberships_contains_paid_content":false,"footnotes":"","jetpack_publicize_message":"","jetpack_publicize_feature_enabled":true,"jetpack_social_post_already_shared":true,"jetpack_social_options":{"image_generator_settings":{"template":"highway","default_image_id":0,"enabled":false},"version":2}},"categories":[8,1,7,3],"tags":[],"class_list":["post-34708","post","type-post","status-publish","format-image","has-post-thumbnail","hentry","category-deliberando","category-diario-armstrong","category-politica","category-region","post_format-post-format-image"],"jetpack_publicize_connections":[],"jetpack_featured_media_url":"https:\/\/armstrongyregion.com.ar\/diario\/wp-content\/uploads\/2022\/06\/Tribunales-fiscales-.jpg","jetpack_shortlink":"https:\/\/wp.me\/p62QDO-91O","jetpack_sharing_enabled":true,"amp_enabled":true,"_links":{"self":[{"href":"https:\/\/armstrongyregion.com.ar\/diario\/wp-json\/wp\/v2\/posts\/34708","targetHints":{"allow":["GET"]}}],"collection":[{"href":"https:\/\/armstrongyregion.com.ar\/diario\/wp-json\/wp\/v2\/posts"}],"about":[{"href":"https:\/\/armstrongyregion.com.ar\/diario\/wp-json\/wp\/v2\/types\/post"}],"author":[{"embeddable":true,"href":"https:\/\/armstrongyregion.com.ar\/diario\/wp-json\/wp\/v2\/users\/1"}],"replies":[{"embeddable":true,"href":"https:\/\/armstrongyregion.com.ar\/diario\/wp-json\/wp\/v2\/comments?post=34708"}],"version-history":[{"count":1,"href":"https:\/\/armstrongyregion.com.ar\/diario\/wp-json\/wp\/v2\/posts\/34708\/revisions"}],"predecessor-version":[{"id":34710,"href":"https:\/\/armstrongyregion.com.ar\/diario\/wp-json\/wp\/v2\/posts\/34708\/revisions\/34710"}],"wp:featuredmedia":[{"embeddable":true,"href":"https:\/\/armstrongyregion.com.ar\/diario\/wp-json\/wp\/v2\/media\/34709"}],"wp:attachment":[{"href":"https:\/\/armstrongyregion.com.ar\/diario\/wp-json\/wp\/v2\/media?parent=34708"}],"wp:term":[{"taxonomy":"category","embeddable":true,"href":"https:\/\/armstrongyregion.com.ar\/diario\/wp-json\/wp\/v2\/categories?post=34708"},{"taxonomy":"post_tag","embeddable":true,"href":"https:\/\/armstrongyregion.com.ar\/diario\/wp-json\/wp\/v2\/tags?post=34708"}],"curies":[{"name":"wp","href":"https:\/\/api.w.org\/{rel}","templated":true}]}}