{"id":34705,"date":"2022-06-10T02:46:12","date_gmt":"2022-06-10T02:46:12","guid":{"rendered":"https:\/\/armstrongyregion.com.ar\/diario\/?p=34705"},"modified":"2022-06-10T02:46:13","modified_gmt":"2022-06-10T02:46:13","slug":"scarpin-y-losada-solicitaron-celeridad-en-la-designacion-de-conjueces-federales-para-santa-fe","status":"publish","type":"post","link":"https:\/\/armstrongyregion.com.ar\/diario\/scarpin-y-losada-solicitaron-celeridad-en-la-designacion-de-conjueces-federales-para-santa-fe\/","title":{"rendered":"Scarpin y Losada solicitaron celeridad en la designaci\u00f3n de conjueces federales para Santa Fe."},"content":{"rendered":"\n<figure class=\"wp-block-image size-large\"><img loading=\"lazy\" decoding=\"async\" width=\"884\" height=\"501\" src=\"http:\/\/armstrongyregion.com.ar\/diario\/wp-content\/uploads\/2022\/06\/scarpin-losada.jpg\" alt=\"\" class=\"wp-image-34706\" srcset=\"https:\/\/armstrongyregion.com.ar\/diario\/wp-content\/uploads\/2022\/06\/scarpin-losada.jpg 884w, https:\/\/armstrongyregion.com.ar\/diario\/wp-content\/uploads\/2022\/06\/scarpin-losada-300x170.jpg 300w, https:\/\/armstrongyregion.com.ar\/diario\/wp-content\/uploads\/2022\/06\/scarpin-losada-768x435.jpg 768w\" sizes=\"auto, (max-width: 884px) 100vw, 884px\" \/><\/figure>\n\n\n\n<h2 class=\"wp-block-heading\"> <em>Los senadores nacionales asistieron a la Comisi\u00f3n de Acuerdo, donde solicitaron que se avance de manera urgente en este tema. Adem\u00e1s, en una nota enviada enviada a la Comisi\u00f3n de Asuntos Constitucionales, los legisladores de JxC pidieron la incorporaci\u00f3n del proyecto de ley de fortalecimiento de la Justicia Penal Federal en Santa Fe, en el temario que tienen previsto tratar.<\/em> <\/h2>\n\n\n\n<figure class=\"wp-block-table\"><table class=\"\"><tbody><tr><td>Los senadores nacionales de Juntos por el Cambio,&nbsp;<strong>Dionisio Scarpin y Carolina Losada<\/strong>, participaron de la reuni\u00f3n de la Comisi\u00f3n de Acuerdos donde reiteraron a la presidenta que de manera urgente convoque a la audiencia p\u00fablica para el tratamiento de los acuerdos de&nbsp;<strong>designaci\u00f3n de los conjueces federales de Rosario.<\/strong><br><br>Ambos legisladores nacionales hab\u00edan remitido una nota a esta Comisi\u00f3n y volvieron a retirar el pedido de celeridad en la reuni\u00f3n de este espacio. \u201c<strong>Todos conocen la grave situaci\u00f3n que atraviesa la Justicia Federal de Santa Fe en cuanto al n\u00famero de vacancias y a la demora en suplirlas<\/strong>. Esto se ve potenciado por la emergencia en seguridad que afecta a Santa Fe, debido al crecimiento exponencial de los delitos asociados al narcotr\u00e1fico. Entendemos que<strong>&nbsp;la designaci\u00f3n de los conjueces propuestos traer\u00e1 un alivio transitorio a la situaci\u00f3n<\/strong>, mientras se concluye la gesti\u00f3n de los concursos en el Consejo de la Magistratura y se resuelven las ternas en el Ejecutivo\u201d, afirm\u00f3 el legislador nacional. En el mismo sentido, Dionisio Scarpin record\u00f3 que&nbsp;<strong>el 35% de los cargos de la Justicia Federal en Santa Fe se encuentran vacantes<\/strong>&nbsp;y que falta inversi\u00f3n en personal, equipamiento y tecnolog\u00eda.Asimismo, los legisladores de Juntos por el Cambio enviaron una nota al presidente de la Comisi\u00f3n de Asuntos Constitucionales donde&nbsp;<strong>solicitaron la incorporaci\u00f3n al temario de la Comisi\u00f3n del proyecto de ley para el Fortalecimiento de la Justicia Penal Federal en la provincia de Santa Fe<\/strong>, presentado por ambos senadores y que ingres\u00f3 en ese espacio el d\u00eda lunes.\u201cComo ya lo dijimos, la situaci\u00f3n que vive nuestra provincia en relaci\u00f3n al incremento de la narcocriminalidad, con consecuencias graves para la vida y bienes de sus ciudadanos, necesitan el fortalecimiento de los actuales recursos judiciales e institucionales, que se encuentran saturados, para la eficaz y pronta implementaci\u00f3n del sistema penal acusatorio. Por eso&nbsp;<strong>presentamos esta iniciativa que busca robustecer el Ministerio P\u00fablico Fiscal, el Ministerio P\u00fablico de la Defensa, y el Poder Judicial en materia Penal Federa<\/strong>l\u201d, sostuvo Dionisio Scarpin.<\/td><\/tr><\/tbody><\/table><\/figure>\n\n\n\n<figure class=\"wp-block-table\"><table class=\"\"><tbody><tr><td><a href=\"https:\/\/162505.clicks.tstes.net\/track\/click?u=2929274&amp;p=3136323530353a31373a31343a303a303a30&amp;s=085b27002fa1db045f215c7936f97443&amp;m=1607\" target=\"_blank\" rel=\"noreferrer noopener\"><\/a><\/td><\/tr><\/tbody><\/table><\/figure>\n","protected":false},"excerpt":{"rendered":"<p>Los senadores nacionales asistieron a la Comisi\u00f3n de Acuerdo, donde solicitaron que se avance de manera urgente en este tema. Adem\u00e1s, en una nota enviada enviada a la Comisi\u00f3n de Asuntos Constitucionales, los legisladores de JxC pidieron la incorporaci\u00f3n del proyecto de ley de fortalecimiento de la Justicia Penal Federal en Santa Fe, en el <a href=\"https:\/\/armstrongyregion.com.ar\/diario\/scarpin-y-losada-solicitaron-celeridad-en-la-designacion-de-conjueces-federales-para-santa-fe\/\" title=\"Read more\" >&#8230;<\/a><\/p>\n","protected":false},"author":1,"featured_media":34706,"comment_status":"open","ping_status":"open","sticky":false,"template":"","format":"image","meta":{"_jetpack_memberships_contains_paid_content":false,"footnotes":"","jetpack_publicize_message":"","jetpack_publicize_feature_enabled":true,"jetpack_social_post_already_shared":true,"jetpack_social_options":{"image_generator_settings":{"template":"highway","default_image_id":0,"enabled":false},"version":2}},"categories":[8,1,2,7,3],"tags":[],"class_list":["post-34705","post","type-post","status-publish","format-image","has-post-thumbnail","hentry","category-deliberando","category-diario-armstrong","category-locales","category-politica","category-region","post_format-post-format-image"],"jetpack_publicize_connections":[],"jetpack_featured_media_url":"https:\/\/armstrongyregion.com.ar\/diario\/wp-content\/uploads\/2022\/06\/scarpin-losada.jpg","jetpack_shortlink":"https:\/\/wp.me\/p62QDO-91L","jetpack_sharing_enabled":true,"amp_enabled":true,"_links":{"self":[{"href":"https:\/\/armstrongyregion.com.ar\/diario\/wp-json\/wp\/v2\/posts\/34705","targetHints":{"allow":["GET"]}}],"collection":[{"href":"https:\/\/armstrongyregion.com.ar\/diario\/wp-json\/wp\/v2\/posts"}],"about":[{"href":"https:\/\/armstrongyregion.com.ar\/diario\/wp-json\/wp\/v2\/types\/post"}],"author":[{"embeddable":true,"href":"https:\/\/armstrongyregion.com.ar\/diario\/wp-json\/wp\/v2\/users\/1"}],"replies":[{"embeddable":true,"href":"https:\/\/armstrongyregion.com.ar\/diario\/wp-json\/wp\/v2\/comments?post=34705"}],"version-history":[{"count":1,"href":"https:\/\/armstrongyregion.com.ar\/diario\/wp-json\/wp\/v2\/posts\/34705\/revisions"}],"predecessor-version":[{"id":34707,"href":"https:\/\/armstrongyregion.com.ar\/diario\/wp-json\/wp\/v2\/posts\/34705\/revisions\/34707"}],"wp:featuredmedia":[{"embeddable":true,"href":"https:\/\/armstrongyregion.com.ar\/diario\/wp-json\/wp\/v2\/media\/34706"}],"wp:attachment":[{"href":"https:\/\/armstrongyregion.com.ar\/diario\/wp-json\/wp\/v2\/media?parent=34705"}],"wp:term":[{"taxonomy":"category","embeddable":true,"href":"https:\/\/armstrongyregion.com.ar\/diario\/wp-json\/wp\/v2\/categories?post=34705"},{"taxonomy":"post_tag","embeddable":true,"href":"https:\/\/armstrongyregion.com.ar\/diario\/wp-json\/wp\/v2\/tags?post=34705"}],"curies":[{"name":"wp","href":"https:\/\/api.w.org\/{rel}","templated":true}]}}