{"id":34680,"date":"2022-06-08T20:24:24","date_gmt":"2022-06-08T20:24:24","guid":{"rendered":"https:\/\/armstrongyregion.com.ar\/diario\/?p=34680"},"modified":"2022-06-08T20:24:25","modified_gmt":"2022-06-08T20:24:25","slug":"casa-propia-la-provincia-licito-las-obras-para-construir-65-viviendas-en-perez","status":"publish","type":"post","link":"https:\/\/armstrongyregion.com.ar\/diario\/casa-propia-la-provincia-licito-las-obras-para-construir-65-viviendas-en-perez\/","title":{"rendered":"Casa Propia: la provincia licit\u00f3 las obras para construir 65 viviendas en P\u00e9rez."},"content":{"rendered":"\n<figure class=\"wp-block-image size-large\"><img loading=\"lazy\" decoding=\"async\" width=\"570\" height=\"320\" src=\"http:\/\/armstrongyregion.com.ar\/diario\/wp-content\/uploads\/2022\/06\/8-6-22-.jpg\" alt=\"\" class=\"wp-image-34681\" srcset=\"https:\/\/armstrongyregion.com.ar\/diario\/wp-content\/uploads\/2022\/06\/8-6-22-.jpg 570w, https:\/\/armstrongyregion.com.ar\/diario\/wp-content\/uploads\/2022\/06\/8-6-22--300x168.jpg 300w\" sizes=\"auto, (max-width: 570px) 100vw, 570px\" \/><\/figure>\n\n\n\n<h2 class=\"wp-block-heading\"> Los trabajos demandar\u00e1n una inversi\u00f3n oficial superior a los $400 millones e incluir\u00e1n, adem\u00e1s, espacios para cocheras y toda la infraestructura b\u00e1sica. Tambi\u00e9n se entregaron 25 escrituras en Funes. <\/h2>\n\n\n\n<p>El Ministerio de Infraestructura, Servicios P\u00fablicos y H\u00e1bitat, a trav\u00e9s de la secretar\u00eda de H\u00e1bitat y de la Direcci\u00f3n Provincial de Vivienda (DPV), realiz\u00f3 el viernes el acto de apertura de sobres con ofertas econ\u00f3micas para construir 65 viviendas en P\u00e9rez, en el marco del programa nacional \u201cCasa Propia &#8211; Construir Futuro\u201d. La obra contempla, adem\u00e1s, la ejecuci\u00f3n de 40 espacios para cocheras y toda la infraestructura b\u00e1sica, con una inversi\u00f3n que supera los 400 millones de pesos y un plazo de ejecuci\u00f3n de 12 meses.<\/p>\n\n\n\n<p>Los trabajos forman parte de las acciones implementadas para la reconstrucci\u00f3n del pa\u00eds, con financiamiento y la asistencia del Estado nacional, a trav\u00e9s de la secretar\u00eda de H\u00e1bitat del Ministerio de Desarrollo Territorial y H\u00e1bitat.<\/p>\n\n\n\n<p>Durante el acto, el secretario de H\u00e1bitat, Urbanismo y Vivienda, Amado Zorz\u00f3n, expres\u00f3 que \u201ctenemos las indicaciones del gobernador Omar Perotti y de la ministra de Infraestructura, Silvina Frana, de maximizar el trabajo para llevar viviendas y h\u00e1bitat a cada una de las 365 localidades de la provincia. La vivienda es un derecho humano y, por eso, trabajamos coordinadamente con el gobierno nacional y con cada municipio de la provincia para llegar con las mejores soluciones habitacionales\u201d, indic\u00f3.<\/p>\n\n\n\n<p>Por su parte, el intendente de P\u00e9rez, Pablo Cosarlini, manifest\u00f3 que \u201chace 20 a\u00f1os que no se construyen planes de viviendas en nuestra ciudad. Pero hubo una visi\u00f3n y compromiso por parte de los funcionarios provinciales para llegar a esta instancia y hoy estamos iniciando el camino para cumplir con este sue\u00f1o que culminar\u00e1 con una vivienda propia para cada trabajador\u201d.<\/p>\n\n\n\n<p><strong>LAS OFERTAS<\/strong><\/p>\n\n\n\n<p>La empresa Epreco S.R.L., cotiz\u00f3 los trabajos en 636.937.796,33 pesos; mientras que Electroconstructora S.R.L., lo hizo en 579.278.796,99 pesos.<\/p>\n\n\n\n<p>Cabe se\u00f1alar que el presupuesto oficial es de 402.641.048,15 pesos.<\/p>\n\n\n\n<p><strong>LAS VIVIENDAS<\/strong><\/p>\n\n\n\n<p>Ser\u00e1n de uno, dos y tres dormitorios y contar\u00e1n con 40 espacios para estacionamiento. Estar\u00e1n ubicadas en la intersecci\u00f3n de las calles Santa Fe, avenida G\u00fcemes y Pasaje Uspallata y ae construir\u00e1n mediante un prototipo modular desarrollados en planta baja, segundo y tercer piso.<\/p>\n\n\n\n<p>Asimismo, cada unidad habitacional contar\u00e1 con instalaciones y conexiones para los servicios p\u00fablicos de agua potable, cloacas, energ\u00eda el\u00e9ctrica e instalaci\u00f3n de termotanques solares. Adem\u00e1s, el proyecto prev\u00e9 la creaci\u00f3n de espacios verdes y recreaci\u00f3n de uso p\u00fablico.<\/p>\n\n\n\n<p><strong>ENTREGA DE ESCRITURAS EN FUNES<\/strong><\/p>\n\n\n\n<p>Posteriormente, en Funes, Zorz\u00f3n junto al intendente local, Roly Santacroce, entregaron 25 escrituras a familias de esa ciudad, enmarcados en el programa de escrituraci\u00f3n de viviendas FONAVI, cuyo objetivo es la regularizaci\u00f3n de la totalidad de las viviendas construidas a trav\u00e9s de la Direcci\u00f3n Provincial de Vivienda y Urbanismo (DPVyU).<\/p>\n\n\n\n<p><strong>PRESENTES<\/strong><\/p>\n\n\n\n<p>De ambos actos participaron tambi\u00e9n el subsecretario de Municipios, Patricio Erceg; la asesora pol\u00edtica de la DPVyU, Estrella Scolari; y el secretario general de la Federaci\u00f3n de Sindicatos de Trabajadores Municipales Santa Fe, Ignacio Jes\u00fas Monz\u00f3n, entre otras autoridades.<\/p>\n","protected":false},"excerpt":{"rendered":"<p>Los trabajos demandar\u00e1n una inversi\u00f3n oficial superior a los $400 millones e incluir\u00e1n, adem\u00e1s, espacios para cocheras y toda la infraestructura b\u00e1sica. Tambi\u00e9n se entregaron 25 escrituras en Funes. El Ministerio de Infraestructura, Servicios P\u00fablicos y H\u00e1bitat, a trav\u00e9s de la secretar\u00eda de H\u00e1bitat y de la Direcci\u00f3n Provincial de Vivienda (DPV), realiz\u00f3 el viernes <a href=\"https:\/\/armstrongyregion.com.ar\/diario\/casa-propia-la-provincia-licito-las-obras-para-construir-65-viviendas-en-perez\/\" title=\"Read more\" >&#8230;<\/a><\/p>\n","protected":false},"author":1,"featured_media":34681,"comment_status":"open","ping_status":"open","sticky":false,"template":"","format":"image","meta":{"_jetpack_memberships_contains_paid_content":false,"footnotes":"","jetpack_publicize_message":"","jetpack_publicize_feature_enabled":true,"jetpack_social_post_already_shared":true,"jetpack_social_options":{"image_generator_settings":{"template":"highway","default_image_id":0,"enabled":false},"version":2}},"categories":[8,1,7,3],"tags":[],"class_list":["post-34680","post","type-post","status-publish","format-image","has-post-thumbnail","hentry","category-deliberando","category-diario-armstrong","category-politica","category-region","post_format-post-format-image"],"jetpack_publicize_connections":[],"jetpack_featured_media_url":"https:\/\/armstrongyregion.com.ar\/diario\/wp-content\/uploads\/2022\/06\/8-6-22-.jpg","jetpack_shortlink":"https:\/\/wp.me\/p62QDO-91m","jetpack_sharing_enabled":true,"amp_enabled":true,"_links":{"self":[{"href":"https:\/\/armstrongyregion.com.ar\/diario\/wp-json\/wp\/v2\/posts\/34680","targetHints":{"allow":["GET"]}}],"collection":[{"href":"https:\/\/armstrongyregion.com.ar\/diario\/wp-json\/wp\/v2\/posts"}],"about":[{"href":"https:\/\/armstrongyregion.com.ar\/diario\/wp-json\/wp\/v2\/types\/post"}],"author":[{"embeddable":true,"href":"https:\/\/armstrongyregion.com.ar\/diario\/wp-json\/wp\/v2\/users\/1"}],"replies":[{"embeddable":true,"href":"https:\/\/armstrongyregion.com.ar\/diario\/wp-json\/wp\/v2\/comments?post=34680"}],"version-history":[{"count":1,"href":"https:\/\/armstrongyregion.com.ar\/diario\/wp-json\/wp\/v2\/posts\/34680\/revisions"}],"predecessor-version":[{"id":34682,"href":"https:\/\/armstrongyregion.com.ar\/diario\/wp-json\/wp\/v2\/posts\/34680\/revisions\/34682"}],"wp:featuredmedia":[{"embeddable":true,"href":"https:\/\/armstrongyregion.com.ar\/diario\/wp-json\/wp\/v2\/media\/34681"}],"wp:attachment":[{"href":"https:\/\/armstrongyregion.com.ar\/diario\/wp-json\/wp\/v2\/media?parent=34680"}],"wp:term":[{"taxonomy":"category","embeddable":true,"href":"https:\/\/armstrongyregion.com.ar\/diario\/wp-json\/wp\/v2\/categories?post=34680"},{"taxonomy":"post_tag","embeddable":true,"href":"https:\/\/armstrongyregion.com.ar\/diario\/wp-json\/wp\/v2\/tags?post=34680"}],"curies":[{"name":"wp","href":"https:\/\/api.w.org\/{rel}","templated":true}]}}