{"id":34660,"date":"2022-06-06T21:42:13","date_gmt":"2022-06-06T21:42:13","guid":{"rendered":"https:\/\/armstrongyregion.com.ar\/diario\/?p=34660"},"modified":"2022-06-06T21:42:14","modified_gmt":"2022-06-06T21:42:14","slug":"la-provincia-realizo-un-balance-exitoso-de-la-presencia-de-empresas-santafesinas-en-agroactiva-2022","status":"publish","type":"post","link":"https:\/\/armstrongyregion.com.ar\/diario\/la-provincia-realizo-un-balance-exitoso-de-la-presencia-de-empresas-santafesinas-en-agroactiva-2022\/","title":{"rendered":"La provincia realiz\u00f3 un balance exitoso de la presencia  de empresas santafesinas en AgroActiva 2022."},"content":{"rendered":"\n<figure class=\"wp-block-image size-large\"><img loading=\"lazy\" decoding=\"async\" width=\"784\" height=\"522\" src=\"http:\/\/armstrongyregion.com.ar\/diario\/wp-content\/uploads\/2022\/06\/agroactiva-pcia-.jpg\" alt=\"\" class=\"wp-image-34661\" srcset=\"https:\/\/armstrongyregion.com.ar\/diario\/wp-content\/uploads\/2022\/06\/agroactiva-pcia-.jpg 784w, https:\/\/armstrongyregion.com.ar\/diario\/wp-content\/uploads\/2022\/06\/agroactiva-pcia--300x200.jpg 300w, https:\/\/armstrongyregion.com.ar\/diario\/wp-content\/uploads\/2022\/06\/agroactiva-pcia--768x511.jpg 768w\" sizes=\"auto, (max-width: 784px) 100vw, 784px\" \/><\/figure>\n\n\n\n<h2 class=\"wp-block-heading\"> Hubo una participaci\u00f3n hist\u00f3rica con 150 pymes dedicadas a la agroindustria y la producci\u00f3n de insumos para el agro, agtechs, emprendimientos productores de alimentos y artesan\u00edas. \u201cAqu\u00ed se pudo ver el potencial que nos lleva a ser el motor de la econom\u00eda nacional\u201d, afirm\u00f3 el ministro Costamagna. <\/h2>\n\n\n\n<p>El gobierno provincial, a trav\u00e9s del Ministerio de Producci\u00f3n, Ciencia y Tecnolog\u00eda, tuvo una importante participaci\u00f3n en una nueva edici\u00f3n de AgroActiva, mega muestra agroindustrial que culmin\u00f3 este s\u00e1bado en la localidad de Armstrong.<\/p>\n\n\n\n<p>En esta edici\u00f3n, Santa Fe particip\u00f3 con un stand de 13.800 metros cuadrados, dispuestos en seis lotes, que albergaron a 150 pymes santafesinas dedicadas a la agroindustria y la producci\u00f3n de insumos para el agro, agtechs, emprendimientos productores de alimentos y artesan\u00edas, entre los principales sectores.&nbsp;<\/p>\n\n\n\n<p>Al respecto, el ministro de Producci\u00f3n, Ciencia y Tecnolog\u00eda, Daniel Costamagna, explic\u00f3 que \u201cson empresas que necesitan del acompa\u00f1amiento del Estado para exponer en una muestra de la magnitud de AgroActiva, donde se generan contactos que a muchas pymes les significa trabajo para todo el semestre\u201d.&nbsp;<\/p>\n\n\n\n<p>\u201cAgroActiva es un espejo de nuestro sector productivo. Aqu\u00ed se pudo ver el potencial que nos lleva a ser motor de la econom\u00eda nacional. En particular, el estand de Santa Fe tambi\u00e9n es un reflejo de la diversidad productiva de la provincia donde confluyeron pymes provenientes de todos los rincones del territorio dedicadas a diversas producciones y que, adem\u00e1s, generan mano de obra y arraigo\u201d, a\u00f1adi\u00f3 el funcionario.&nbsp;<\/p>\n\n\n\n<p>\u201cEl balance sobre la presencia en la muestra es muy positivo; las empresas &nbsp;generaron muchos contactos y ventas. Adem\u00e1s, AgroActiva se convirti\u00f3 en un \u00e1mbito de reuniones con el sector productivo; recepci\u00f3n de delegaciones extranjeras; y visitas a estands de entidades y empresas,que nos permiten seguir afianzando el v\u00ednculo con el sector privado, relaci\u00f3n que es fundamental para llevar a cabo pol\u00edticas que permitan continuar desarrollando la provincia\u201d, concluy\u00f3 el ministro.&nbsp;<\/p>\n\n\n\n<p><strong>BALANCE POSITIVO PARA LAS EMPRESAS<\/strong><\/p>\n\n\n\n<p>La empresa Negocios Agroalimentarios S.R.L., de M\u00e1ximo Paz, naci\u00f3 realizando texturizado de soja y, a partir de la idea de agregar valor, comenz\u00f3 a desarrollar guiso deshidratado. Actualmente tambi\u00e9n desarrolla una premezcla para hamburguesas y relleno para empanadas. Se trata de productos de bajo costo y alto valor nutritivo que, adem\u00e1s, cuentan con la marca provincial Productos de Mi Tierra.&nbsp;<\/p>\n\n\n\n<p>El titular de la firma, Lisandro Romano, se\u00f1al\u00f3 que \u201csomos una empresa bastante nueva y estamos presentes por primera vez en AgroActiva. Para nosotros es muy importante la oportunidad de estar en el estand del gobierno de Santa Fe, porque nos permite dar a conocer nuestros productos. Tuvimos varios contactos con distribuidores que se interesaron mucho por nuestros productos. Estamos planificando continuar la participaci\u00f3n en estos eventos y mejorar la presencia que tuvimos en esta primera experiencia\u201d.&nbsp;<\/p>\n\n\n\n<p>En tanto, Ariana Roncchini y Paulo Crosetti, titulares de Lona Lonera, de Villa Eloisa, explicaron que la empresa \u201ces un emprendimiento familiar que surgi\u00f3 en pandemia. Hacemos juego did\u00e1cticos impresos en lona vin\u00edlica para ni\u00f1os y hoy estamos proveyendo a escuelas, bibliotecas y jugueter\u00edas. Es la primera vez que estamos presentes en una feria como esta y en el estand de la provincia. Estamos muy contentos y agradecidos: el espacio es hermoso, muy prolijo y cuidado y nos ha brindado la posibilidad de recibir muchas visitas. M\u00e1s all\u00e1 de vender nos permite dar a conocer la empresa, hecho que nos sirve un mont\u00f3n\u201d, sostuvieron.<\/p>\n\n\n\n<p>A su turno, Lara Brisio y Emanuel P\u00e9rez, de la firma Agtech Warecloud, oriunda de Rosario, indicaron que \u00abnuestra firma es una incubadora de proyectos de base tecnol\u00f3gica. En esta oportunidad estamos presentando dos proyectos que trabajan conjuntamente: Nativas y Wastechemy. El primero, con el objetivo de combatir el cambio clim\u00e1tico con tecnolog\u00edas a partir de un modelo de negocio de triple impacto; el segundo, a fin de perseguir la alquimia de los desechos y desperdicios a trav\u00e9s de la ciencia y la tecnolog\u00eda\u201d.&nbsp;<\/p>\n\n\n\n<p>\u201cEl proyecto surge a ra\u00edz de un an\u00e1lisis sobre la situaci\u00f3n de las especies nativas en la provincia de Santa Fe y el pasivo ambiental que hoy tiene en cuanto a especies nativas y forestaci\u00f3n. Es la primera vez que participamos de una feria como esta y es una buena oportunidad para desarrollar, concientizar y reeducar en estos temas. Nuestro compromiso no es s\u00f3lo con la producci\u00f3n sino que tambi\u00e9n con el medio ambiente. Tuvimos la visita del gobernador Omar Perotti, de diferentes funcionarios nacionales y provinciales, de la embajada de Brasil. Creemos que es un ambiente fant\u00e1stico para que proyectos como el nuestro se conozcan y tengan m\u00e1s difusi\u00f3n\u201d, completaron.&nbsp;<\/p>\n\n\n\n<p><strong>M\u00c1S DE 200 REUNIONES DE NEGOCIOS INTERNACIONALES<\/strong><\/p>\n\n\n\n<p>En AgroActiva, desde la secretar\u00eda de Comercio Exterior del Ministerio de Producci\u00f3n, Ciencia y Tecnolog\u00eda, con la colaboraci\u00f3n de la Agencia Argentina de Inversiones y Comercio Internacional y del Consejo Federal de Inversiones (CFI), se impulsaron las rondas de negocios internacionales, instancia que previ\u00f3 la visita de extranjeros que pudieron conocer la oferta exportable santafesina.&nbsp;<\/p>\n\n\n\n<p>Al respecto, el funcionario a cargo del \u00e1rea, Germ\u00e1n B\u00fcrcher, consign\u00f3 que \u201cdesarrollamos una agenda de reuniones con un balance muy positivo. En las jornadas del mi\u00e9rcoles y el viernes se realizaron m\u00e1s de 200 reuniones de vinculaci\u00f3n con nueve extranjeros, tres australianos, tres colombianos, dos uruguayos y un representante de Rumania\u201d.<\/p>\n\n\n\n<p>\u201cLa iniciativa de que las contrapartes del exterior participen de AgroActiva surgi\u00f3 de un di\u00e1logo con el sector de la maquinaria agr\u00edcola y agropartes. Consultamos en qu\u00e9 mercados estaban interesados y, a partir de ello, se comenz\u00f3 a trabajar con Canciller\u00eda para dar con estas contrapartes. Adem\u00e1s, previo al inicio de las rondas de negocios los extranjeros tuvieron la posibilidad de escuchar una charla a cargo de Aapresid y del INTA, espacio que les permiti\u00f3 obtener detalles de la siembra directa y toda la tecnolog\u00eda y maquinaria con la que cuenta nuestro pa\u00eds y la provincia puntualmente\u201d, concluy\u00f3 el secretario de Comercio Exterior.<\/p>\n","protected":false},"excerpt":{"rendered":"<p>Hubo una participaci\u00f3n hist\u00f3rica con 150 pymes dedicadas a la agroindustria y la producci\u00f3n de insumos para el agro, agtechs, emprendimientos productores de alimentos y artesan\u00edas. \u201cAqu\u00ed se pudo ver el potencial que nos lleva a ser el motor de la econom\u00eda nacional\u201d, afirm\u00f3 el ministro Costamagna. El gobierno provincial, a trav\u00e9s del Ministerio de <a href=\"https:\/\/armstrongyregion.com.ar\/diario\/la-provincia-realizo-un-balance-exitoso-de-la-presencia-de-empresas-santafesinas-en-agroactiva-2022\/\" title=\"Read more\" >&#8230;<\/a><\/p>\n","protected":false},"author":1,"featured_media":34661,"comment_status":"open","ping_status":"open","sticky":false,"template":"","format":"image","meta":{"_jetpack_memberships_contains_paid_content":false,"footnotes":"","jetpack_publicize_message":"","jetpack_publicize_feature_enabled":true,"jetpack_social_post_already_shared":true,"jetpack_social_options":{"image_generator_settings":{"template":"highway","default_image_id":0,"enabled":false},"version":2}},"categories":[8,1,2,7,3],"tags":[],"class_list":["post-34660","post","type-post","status-publish","format-image","has-post-thumbnail","hentry","category-deliberando","category-diario-armstrong","category-locales","category-politica","category-region","post_format-post-format-image"],"jetpack_publicize_connections":[],"jetpack_featured_media_url":"https:\/\/armstrongyregion.com.ar\/diario\/wp-content\/uploads\/2022\/06\/agroactiva-pcia-.jpg","jetpack_shortlink":"https:\/\/wp.me\/p62QDO-912","jetpack_sharing_enabled":true,"amp_enabled":true,"_links":{"self":[{"href":"https:\/\/armstrongyregion.com.ar\/diario\/wp-json\/wp\/v2\/posts\/34660","targetHints":{"allow":["GET"]}}],"collection":[{"href":"https:\/\/armstrongyregion.com.ar\/diario\/wp-json\/wp\/v2\/posts"}],"about":[{"href":"https:\/\/armstrongyregion.com.ar\/diario\/wp-json\/wp\/v2\/types\/post"}],"author":[{"embeddable":true,"href":"https:\/\/armstrongyregion.com.ar\/diario\/wp-json\/wp\/v2\/users\/1"}],"replies":[{"embeddable":true,"href":"https:\/\/armstrongyregion.com.ar\/diario\/wp-json\/wp\/v2\/comments?post=34660"}],"version-history":[{"count":1,"href":"https:\/\/armstrongyregion.com.ar\/diario\/wp-json\/wp\/v2\/posts\/34660\/revisions"}],"predecessor-version":[{"id":34662,"href":"https:\/\/armstrongyregion.com.ar\/diario\/wp-json\/wp\/v2\/posts\/34660\/revisions\/34662"}],"wp:featuredmedia":[{"embeddable":true,"href":"https:\/\/armstrongyregion.com.ar\/diario\/wp-json\/wp\/v2\/media\/34661"}],"wp:attachment":[{"href":"https:\/\/armstrongyregion.com.ar\/diario\/wp-json\/wp\/v2\/media?parent=34660"}],"wp:term":[{"taxonomy":"category","embeddable":true,"href":"https:\/\/armstrongyregion.com.ar\/diario\/wp-json\/wp\/v2\/categories?post=34660"},{"taxonomy":"post_tag","embeddable":true,"href":"https:\/\/armstrongyregion.com.ar\/diario\/wp-json\/wp\/v2\/tags?post=34660"}],"curies":[{"name":"wp","href":"https:\/\/api.w.org\/{rel}","templated":true}]}}