{"id":34646,"date":"2022-06-04T05:26:38","date_gmt":"2022-06-04T05:26:38","guid":{"rendered":"https:\/\/armstrongyregion.com.ar\/diario\/?p=34646"},"modified":"2022-06-04T05:26:39","modified_gmt":"2022-06-04T05:26:39","slug":"renovacion-por-armstrong-presento-un-proyecto-para-que-se-declare-patrimonio-historico-municipal-la-casa-natal-de-delfo-cabrera","status":"publish","type":"post","link":"https:\/\/armstrongyregion.com.ar\/diario\/renovacion-por-armstrong-presento-un-proyecto-para-que-se-declare-patrimonio-historico-municipal-la-casa-natal-de-delfo-cabrera\/","title":{"rendered":"Renovaci\u00f3n por Armstrong, presento un proyecto para que se declare  Patrimonio Hist\u00f3rico Municipal  la casa natal de Delfo Cabrera."},"content":{"rendered":"\n<figure class=\"wp-block-image size-large\"><img loading=\"lazy\" decoding=\"async\" width=\"376\" height=\"349\" src=\"http:\/\/armstrongyregion.com.ar\/diario\/wp-content\/uploads\/2022\/03\/Emi-Gramigna-15-3-22.foto_.jpg\" alt=\"\" class=\"wp-image-33578\" srcset=\"https:\/\/armstrongyregion.com.ar\/diario\/wp-content\/uploads\/2022\/03\/Emi-Gramigna-15-3-22.foto_.jpg 376w, https:\/\/armstrongyregion.com.ar\/diario\/wp-content\/uploads\/2022\/03\/Emi-Gramigna-15-3-22.foto_-300x278.jpg 300w\" sizes=\"auto, (max-width: 376px) 100vw, 376px\" \/><\/figure>\n\n\n\n<p>\nEl concejal Emiliano Gramigna dec\u00eda: \u201cNuestro bloque presento un\nproyecto de ordenanza para que se declare  Patrimonio Hist\u00f3rico\nMunicipal  la casa natal de Delfo Cabrera, y antes de comenzar a\ndarle tratamiento, recordamos que en el a\u00f1o 2013, este concejo ya \nhab\u00eda aprobado una ordenanza de similares caracter\u00edsticas. Y la\nrealidad es que presentar una ordenanza igual, no tiene sentido. Lo\nque hicimos ahora fue instar para que el municipio pueda \nacondicionarla, nosotros tomamos este proyecto que es una solicitud\nde varios vecinos. Teniendo en cuenta el valor que tiene Delfo\nCabrera para nosotros. No solamente en nuestra ciudad, sino que en\notros lugares del mundo la haza\u00f1a de Delfo Cabrera es la mas\nimportante que tiene el atletismo a nivel mundial. La casa natal de\n\u00e9l nos har\u00e1 conocer sus ra\u00edces y a quienes forjaron e hicieron\ngrande nuestra ciudad\u201d.<\/p>\n\n\n\n<p>El edil a\u00f1adi\u00f3: \u201cNuestro escudo tambi\u00e9n lleva los aros ol\u00edmpicos en su homenaje. Teniendo en cuenta que es uno s\u00f3lo el que gana la medalla de oro. Entonces eso le da un valor muy grande a la ciudad, y que ese lugar natal, se transforme en un museo del deporte o solamente que la fachada este acondicionada, har\u00e1 que nos demos cuenta de que ah\u00ed vivi\u00f3 una persona que hizo grande nuestro pueblo\u201d.<\/p>\n","protected":false},"excerpt":{"rendered":"<p>El concejal Emiliano Gramigna dec\u00eda: \u201cNuestro bloque presento un proyecto de ordenanza para que se declare Patrimonio Hist\u00f3rico Municipal la casa natal de Delfo Cabrera, y antes de comenzar a darle tratamiento, recordamos que en el a\u00f1o 2013, este concejo ya hab\u00eda aprobado una ordenanza de similares caracter\u00edsticas. Y la realidad es que presentar una <a href=\"https:\/\/armstrongyregion.com.ar\/diario\/renovacion-por-armstrong-presento-un-proyecto-para-que-se-declare-patrimonio-historico-municipal-la-casa-natal-de-delfo-cabrera\/\" title=\"Read more\" >&#8230;<\/a><\/p>\n","protected":false},"author":1,"featured_media":33578,"comment_status":"open","ping_status":"open","sticky":false,"template":"","format":"image","meta":{"_jetpack_memberships_contains_paid_content":false,"footnotes":"","jetpack_publicize_message":"","jetpack_publicize_feature_enabled":true,"jetpack_social_post_already_shared":true,"jetpack_social_options":{"image_generator_settings":{"template":"highway","default_image_id":0,"enabled":false},"version":2}},"categories":[6,8,1,2,7],"tags":[],"class_list":["post-34646","post","type-post","status-publish","format-image","has-post-thumbnail","hentry","category-cultura-entretenimiento","category-deliberando","category-diario-armstrong","category-locales","category-politica","post_format-post-format-image"],"jetpack_publicize_connections":[],"jetpack_featured_media_url":"https:\/\/armstrongyregion.com.ar\/diario\/wp-content\/uploads\/2022\/03\/Emi-Gramigna-15-3-22.foto_.jpg","jetpack_shortlink":"https:\/\/wp.me\/p62QDO-90O","jetpack_sharing_enabled":true,"amp_enabled":true,"_links":{"self":[{"href":"https:\/\/armstrongyregion.com.ar\/diario\/wp-json\/wp\/v2\/posts\/34646","targetHints":{"allow":["GET"]}}],"collection":[{"href":"https:\/\/armstrongyregion.com.ar\/diario\/wp-json\/wp\/v2\/posts"}],"about":[{"href":"https:\/\/armstrongyregion.com.ar\/diario\/wp-json\/wp\/v2\/types\/post"}],"author":[{"embeddable":true,"href":"https:\/\/armstrongyregion.com.ar\/diario\/wp-json\/wp\/v2\/users\/1"}],"replies":[{"embeddable":true,"href":"https:\/\/armstrongyregion.com.ar\/diario\/wp-json\/wp\/v2\/comments?post=34646"}],"version-history":[{"count":1,"href":"https:\/\/armstrongyregion.com.ar\/diario\/wp-json\/wp\/v2\/posts\/34646\/revisions"}],"predecessor-version":[{"id":34647,"href":"https:\/\/armstrongyregion.com.ar\/diario\/wp-json\/wp\/v2\/posts\/34646\/revisions\/34647"}],"wp:featuredmedia":[{"embeddable":true,"href":"https:\/\/armstrongyregion.com.ar\/diario\/wp-json\/wp\/v2\/media\/33578"}],"wp:attachment":[{"href":"https:\/\/armstrongyregion.com.ar\/diario\/wp-json\/wp\/v2\/media?parent=34646"}],"wp:term":[{"taxonomy":"category","embeddable":true,"href":"https:\/\/armstrongyregion.com.ar\/diario\/wp-json\/wp\/v2\/categories?post=34646"},{"taxonomy":"post_tag","embeddable":true,"href":"https:\/\/armstrongyregion.com.ar\/diario\/wp-json\/wp\/v2\/tags?post=34646"}],"curies":[{"name":"wp","href":"https:\/\/api.w.org\/{rel}","templated":true}]}}