{"id":34639,"date":"2022-06-04T04:46:26","date_gmt":"2022-06-04T04:46:26","guid":{"rendered":"https:\/\/armstrongyregion.com.ar\/diario\/?p=34639"},"modified":"2022-06-04T04:51:53","modified_gmt":"2022-06-04T04:51:53","slug":"armstrong-se-habilito-parcialmente-la-escuela-tecnica-fray-luis-beltran","status":"publish","type":"post","link":"https:\/\/armstrongyregion.com.ar\/diario\/armstrong-se-habilito-parcialmente-la-escuela-tecnica-fray-luis-beltran\/","title":{"rendered":"Armstrong. Se habilit\u00f3 parcialmente la Escuela T\u00e9cnica Fray Luis Beltr\u00e1n."},"content":{"rendered":"\n<figure class=\"wp-block-image size-large\"><img loading=\"lazy\" decoding=\"async\" width=\"540\" height=\"376\" src=\"http:\/\/armstrongyregion.com.ar\/diario\/wp-content\/uploads\/2022\/06\/esc.tecnica-1-.jpg\" alt=\"\" class=\"wp-image-34640\" srcset=\"https:\/\/armstrongyregion.com.ar\/diario\/wp-content\/uploads\/2022\/06\/esc.tecnica-1-.jpg 540w, https:\/\/armstrongyregion.com.ar\/diario\/wp-content\/uploads\/2022\/06\/esc.tecnica-1--300x209.jpg 300w\" sizes=\"auto, (max-width: 540px) 100vw, 540px\" \/><\/figure>\n\n\n\n<p> En la ma\u00f1ana de hoy, se habilit\u00f3 parcialmente el edificio de la nueva Escuela T\u00e9cnica Fray Luis Beltr\u00e1n, con la presencia de la Ministra de Infraestructura, Servicios P\u00fablicos y H\u00e1bitat, Silvina Frana, quien expres\u00f3: \u201cNos da mucho orgullo que los alumnos hoy comiencen las clases en este nuevo edificio; la escuela t\u00e9cnica N.\u00ba 291 fue una de las obras que al inicio de la gesti\u00f3n se encontraba paralizada y endeudada\u201d.<\/p>\n\n\n\n<figure class=\"wp-block-image size-large\"><img loading=\"lazy\" decoding=\"async\" width=\"540\" height=\"369\" src=\"http:\/\/armstrongyregion.com.ar\/diario\/wp-content\/uploads\/2022\/06\/esc.-tecnica-2.jpg\" alt=\"\" class=\"wp-image-34641\" srcset=\"https:\/\/armstrongyregion.com.ar\/diario\/wp-content\/uploads\/2022\/06\/esc.-tecnica-2.jpg 540w, https:\/\/armstrongyregion.com.ar\/diario\/wp-content\/uploads\/2022\/06\/esc.-tecnica-2-300x205.jpg 300w\" sizes=\"auto, (max-width: 540px) 100vw, 540px\" \/><\/figure>\n\n\n\n<p>Luego a\u00f1adi\u00f3: Pero que retomamos por decisi\u00f3n del gobernador Omar Perotti, hoy se habilita parcialmente para que la comunidad la empiece a disfrutar. Esta es una obra que genera profunda felicidad en alumnos, docentes y familias\u201d. Finaliz\u00f3  Frana.<\/p>\n\n\n\n<figure class=\"wp-block-image size-large\"><img loading=\"lazy\" decoding=\"async\" width=\"540\" height=\"366\" src=\"http:\/\/armstrongyregion.com.ar\/diario\/wp-content\/uploads\/2022\/06\/esc.tecnica-3.jpg\" alt=\"\" class=\"wp-image-34642\" srcset=\"https:\/\/armstrongyregion.com.ar\/diario\/wp-content\/uploads\/2022\/06\/esc.tecnica-3.jpg 540w, https:\/\/armstrongyregion.com.ar\/diario\/wp-content\/uploads\/2022\/06\/esc.tecnica-3-300x203.jpg 300w\" sizes=\"auto, (max-width: 540px) 100vw, 540px\" \/><\/figure>\n\n\n\n<p>Estuvieron presentes, el anfitri\u00f3n Director Andr\u00e9s Flamini, la Ministra Silvina Frana, delegado de la Regi\u00f3n V Guillermo Virgili, la concejal Luz Marina Fischer y el referente pol\u00edtico Rub\u00e9n Montapponi.<\/p>\n","protected":false},"excerpt":{"rendered":"<p>En la ma\u00f1ana de hoy, se habilit\u00f3 parcialmente el edificio de la nueva Escuela T\u00e9cnica Fray Luis Beltr\u00e1n, con la presencia de la Ministra de Infraestructura, Servicios P\u00fablicos y H\u00e1bitat, Silvina Frana, quien expres\u00f3: \u201cNos da mucho orgullo que los alumnos hoy comiencen las clases en este nuevo edificio; la escuela t\u00e9cnica N.\u00ba 291 fue <a href=\"https:\/\/armstrongyregion.com.ar\/diario\/armstrong-se-habilito-parcialmente-la-escuela-tecnica-fray-luis-beltran\/\" title=\"Read more\" >&#8230;<\/a><\/p>\n","protected":false},"author":1,"featured_media":34641,"comment_status":"open","ping_status":"open","sticky":false,"template":"","format":"image","meta":{"_jetpack_memberships_contains_paid_content":false,"footnotes":"","jetpack_publicize_message":"","jetpack_publicize_feature_enabled":true,"jetpack_social_post_already_shared":true,"jetpack_social_options":{"image_generator_settings":{"template":"highway","default_image_id":0,"enabled":false},"version":2}},"categories":[8,1,2,7,3],"tags":[],"class_list":["post-34639","post","type-post","status-publish","format-image","has-post-thumbnail","hentry","category-deliberando","category-diario-armstrong","category-locales","category-politica","category-region","post_format-post-format-image"],"jetpack_publicize_connections":[],"jetpack_featured_media_url":"https:\/\/armstrongyregion.com.ar\/diario\/wp-content\/uploads\/2022\/06\/esc.-tecnica-2.jpg","jetpack_shortlink":"https:\/\/wp.me\/p62QDO-90H","jetpack_sharing_enabled":true,"amp_enabled":true,"_links":{"self":[{"href":"https:\/\/armstrongyregion.com.ar\/diario\/wp-json\/wp\/v2\/posts\/34639","targetHints":{"allow":["GET"]}}],"collection":[{"href":"https:\/\/armstrongyregion.com.ar\/diario\/wp-json\/wp\/v2\/posts"}],"about":[{"href":"https:\/\/armstrongyregion.com.ar\/diario\/wp-json\/wp\/v2\/types\/post"}],"author":[{"embeddable":true,"href":"https:\/\/armstrongyregion.com.ar\/diario\/wp-json\/wp\/v2\/users\/1"}],"replies":[{"embeddable":true,"href":"https:\/\/armstrongyregion.com.ar\/diario\/wp-json\/wp\/v2\/comments?post=34639"}],"version-history":[{"count":3,"href":"https:\/\/armstrongyregion.com.ar\/diario\/wp-json\/wp\/v2\/posts\/34639\/revisions"}],"predecessor-version":[{"id":34645,"href":"https:\/\/armstrongyregion.com.ar\/diario\/wp-json\/wp\/v2\/posts\/34639\/revisions\/34645"}],"wp:featuredmedia":[{"embeddable":true,"href":"https:\/\/armstrongyregion.com.ar\/diario\/wp-json\/wp\/v2\/media\/34641"}],"wp:attachment":[{"href":"https:\/\/armstrongyregion.com.ar\/diario\/wp-json\/wp\/v2\/media?parent=34639"}],"wp:term":[{"taxonomy":"category","embeddable":true,"href":"https:\/\/armstrongyregion.com.ar\/diario\/wp-json\/wp\/v2\/categories?post=34639"},{"taxonomy":"post_tag","embeddable":true,"href":"https:\/\/armstrongyregion.com.ar\/diario\/wp-json\/wp\/v2\/tags?post=34639"}],"curies":[{"name":"wp","href":"https:\/\/api.w.org\/{rel}","templated":true}]}}