{"id":34609,"date":"2022-06-01T21:37:37","date_gmt":"2022-06-01T21:37:37","guid":{"rendered":"https:\/\/armstrongyregion.com.ar\/diario\/?p=34609"},"modified":"2022-06-01T21:37:38","modified_gmt":"2022-06-01T21:37:38","slug":"macri-agroactiva-me-impresiono-la-verdad-que-aca-ves-potencia-aca-ves-el-futuro","status":"publish","type":"post","link":"https:\/\/armstrongyregion.com.ar\/diario\/macri-agroactiva-me-impresiono-la-verdad-que-aca-ves-potencia-aca-ves-el-futuro\/","title":{"rendered":"Macri: \u00abAgroactiva me impresion\u00f3. La verdad que ac\u00e1 ves potencia. Ac\u00e1 ves el futuro\u00bb."},"content":{"rendered":"\n<figure class=\"wp-block-image size-large\"><img loading=\"lazy\" decoding=\"async\" width=\"493\" height=\"361\" src=\"http:\/\/armstrongyregion.com.ar\/diario\/wp-content\/uploads\/2022\/06\/macri-gato-agro-nardi-.jpg\" alt=\"\" class=\"wp-image-34610\" srcset=\"https:\/\/armstrongyregion.com.ar\/diario\/wp-content\/uploads\/2022\/06\/macri-gato-agro-nardi-.jpg 493w, https:\/\/armstrongyregion.com.ar\/diario\/wp-content\/uploads\/2022\/06\/macri-gato-agro-nardi--300x220.jpg 300w\" sizes=\"auto, (max-width: 493px) 100vw, 493px\" \/><\/figure>\n\n\n\n<p>El expresidente Mauricio Macri se mostr\u00f3 impresionado por la magnitud de AgroActiva, volvi\u00f3 a pedir que \u201cdejen trabajar al campo\u201d y solicit\u00f3 que le quiten \u201cpresi\u00f3n impositiva a la principal m\u00e1quina de generar divisas que tiene la Argentina\u201d.<br>\u201cAgroactiva me impresion\u00f3. La verdad que ac\u00e1 ves potencia. Ac\u00e1 ves el futuro. Ac\u00e1 la Argentina se sienta en la mesa de los que lideran el mundo, y en muy pocas cosas lo podemos hacer\u201d, afirm\u00f3 Macri al recorrer el primer d\u00eda de la exposici\u00f3n el predio de la muestra en Armstrong, acompa\u00f1ado por el exministro de Agricultura Luis Miguel Etchevehere; el exdiputado nacional Carlos Castellani (tambi\u00e9n due\u00f1o de la f\u00e1brica Apache) y otros dirigentes santafesinos.<br>Macri lleg\u00f3 poco despu\u00e9s del mediod\u00eda, comi\u00f3 en el restaurante central junto a dirigentes del PRO, y luego se traslad\u00f3 por las calles de la muestra. As\u00ed pas\u00f3 por varias f\u00e1bricas de maquinaria agr\u00edcola, se sac\u00f3 gran cantidad de fotos del p\u00fablico y luego atendi\u00f3 a la prensa antes de subirse nuevamente al helic\u00f3ptero que lo llev\u00f3 de regreso.<br>Cuando fue consultado si ser\u00e1 nuevamente candidato a presidente, mir\u00f3 fijo al periodista y le dijo: \u201cNo te escuch\u00e9\u201d, mientras se escuchaban las risas de los dem\u00e1s acompa\u00f1antes.<br>Donde result\u00f3 m\u00e1s enf\u00e1tico fue cuando reclam\u00f3 que baje \u201cla presi\u00f3n impositiva al campo que es el principal generador de divisas\u201d y sostuvo que los productores que lo cruzaron en la muestra lo que m\u00e1s le ped\u00edan era que los \u201cdejen trabajar\u201d.<\/p>\n","protected":false},"excerpt":{"rendered":"<p>El expresidente Mauricio Macri se mostr\u00f3 impresionado por la magnitud de AgroActiva, volvi\u00f3 a pedir que \u201cdejen trabajar al campo\u201d y solicit\u00f3 que le quiten \u201cpresi\u00f3n impositiva a la principal m\u00e1quina de generar divisas que tiene la Argentina\u201d.\u201cAgroactiva me impresion\u00f3. La verdad que ac\u00e1 ves potencia. Ac\u00e1 ves el futuro. Ac\u00e1 la Argentina se sienta <a href=\"https:\/\/armstrongyregion.com.ar\/diario\/macri-agroactiva-me-impresiono-la-verdad-que-aca-ves-potencia-aca-ves-el-futuro\/\" title=\"Read more\" >&#8230;<\/a><\/p>\n","protected":false},"author":1,"featured_media":34610,"comment_status":"open","ping_status":"open","sticky":false,"template":"","format":"image","meta":{"_jetpack_memberships_contains_paid_content":false,"footnotes":"","jetpack_publicize_message":"","jetpack_publicize_feature_enabled":true,"jetpack_social_post_already_shared":true,"jetpack_social_options":{"image_generator_settings":{"template":"highway","default_image_id":0,"enabled":false},"version":2}},"categories":[8,1,2,7,3],"tags":[],"class_list":["post-34609","post","type-post","status-publish","format-image","has-post-thumbnail","hentry","category-deliberando","category-diario-armstrong","category-locales","category-politica","category-region","post_format-post-format-image"],"jetpack_publicize_connections":[],"jetpack_featured_media_url":"https:\/\/armstrongyregion.com.ar\/diario\/wp-content\/uploads\/2022\/06\/macri-gato-agro-nardi-.jpg","jetpack_shortlink":"https:\/\/wp.me\/p62QDO-90d","jetpack_sharing_enabled":true,"amp_enabled":true,"_links":{"self":[{"href":"https:\/\/armstrongyregion.com.ar\/diario\/wp-json\/wp\/v2\/posts\/34609","targetHints":{"allow":["GET"]}}],"collection":[{"href":"https:\/\/armstrongyregion.com.ar\/diario\/wp-json\/wp\/v2\/posts"}],"about":[{"href":"https:\/\/armstrongyregion.com.ar\/diario\/wp-json\/wp\/v2\/types\/post"}],"author":[{"embeddable":true,"href":"https:\/\/armstrongyregion.com.ar\/diario\/wp-json\/wp\/v2\/users\/1"}],"replies":[{"embeddable":true,"href":"https:\/\/armstrongyregion.com.ar\/diario\/wp-json\/wp\/v2\/comments?post=34609"}],"version-history":[{"count":1,"href":"https:\/\/armstrongyregion.com.ar\/diario\/wp-json\/wp\/v2\/posts\/34609\/revisions"}],"predecessor-version":[{"id":34611,"href":"https:\/\/armstrongyregion.com.ar\/diario\/wp-json\/wp\/v2\/posts\/34609\/revisions\/34611"}],"wp:featuredmedia":[{"embeddable":true,"href":"https:\/\/armstrongyregion.com.ar\/diario\/wp-json\/wp\/v2\/media\/34610"}],"wp:attachment":[{"href":"https:\/\/armstrongyregion.com.ar\/diario\/wp-json\/wp\/v2\/media?parent=34609"}],"wp:term":[{"taxonomy":"category","embeddable":true,"href":"https:\/\/armstrongyregion.com.ar\/diario\/wp-json\/wp\/v2\/categories?post=34609"},{"taxonomy":"post_tag","embeddable":true,"href":"https:\/\/armstrongyregion.com.ar\/diario\/wp-json\/wp\/v2\/tags?post=34609"}],"curies":[{"name":"wp","href":"https:\/\/api.w.org\/{rel}","templated":true}]}}