{"id":34605,"date":"2022-06-01T21:34:32","date_gmt":"2022-06-01T21:34:32","guid":{"rendered":"https:\/\/armstrongyregion.com.ar\/diario\/?p=34605"},"modified":"2022-06-01T21:34:33","modified_gmt":"2022-06-01T21:34:33","slug":"agroactiva-la-municipalidad-de-armstrong-inauguro-su-stand-con-muchas-propuestas","status":"publish","type":"post","link":"https:\/\/armstrongyregion.com.ar\/diario\/agroactiva-la-municipalidad-de-armstrong-inauguro-su-stand-con-muchas-propuestas\/","title":{"rendered":"Agroactiva. La Municipalidad de Armstrong inaugur\u00f3 su stand con muchas propuestas ."},"content":{"rendered":"\n<figure class=\"wp-block-image size-large\"><img loading=\"lazy\" decoding=\"async\" width=\"483\" height=\"241\" src=\"http:\/\/armstrongyregion.com.ar\/diario\/wp-content\/uploads\/2022\/06\/pablito-nardi-agro-.jpg\" alt=\"\" class=\"wp-image-34606\" srcset=\"https:\/\/armstrongyregion.com.ar\/diario\/wp-content\/uploads\/2022\/06\/pablito-nardi-agro-.jpg 483w, https:\/\/armstrongyregion.com.ar\/diario\/wp-content\/uploads\/2022\/06\/pablito-nardi-agro--300x150.jpg 300w\" sizes=\"auto, (max-width: 483px) 100vw, 483px\" \/><\/figure>\n\n\n\n<p>Armstrong, ciudad anfitriona de AgroActiva, realiz\u00f3 el acto inaugural del stand montado en la muestra. Estuvieron presentes Pablo Verdecchia, intendente de Armstrong, Rosana Nardi, presidenta de Agroactiva y Paula Brouwer, diputada Nacional de C\u00f3rdoba. Tambi\u00e9n acompa\u00f1aron armstronenses que tienen distintos puestos dentro del stand y personalidades de dicha ciudad.<\/p>\n\n\n\n<figure class=\"wp-block-image size-large\"><img loading=\"lazy\" decoding=\"async\" width=\"720\" height=\"538\" src=\"http:\/\/armstrongyregion.com.ar\/diario\/wp-content\/uploads\/2022\/06\/armstrong-nardi-pablito-.jpg\" alt=\"\" class=\"wp-image-34607\" srcset=\"https:\/\/armstrongyregion.com.ar\/diario\/wp-content\/uploads\/2022\/06\/armstrong-nardi-pablito-.jpg 720w, https:\/\/armstrongyregion.com.ar\/diario\/wp-content\/uploads\/2022\/06\/armstrong-nardi-pablito--300x224.jpg 300w\" sizes=\"auto, (max-width: 720px) 100vw, 720px\" \/><\/figure>\n\n\n\n<p>\u201cLleg\u00f3 el d\u00eda. Despu\u00e9s de casi tres a\u00f1os volvimos a la muestra, para vernos, mostrarnos y encontrarnos. Quiero darle las gracias a Rosana Nardi, por su predisposici\u00f3n permanente, para la realizaci\u00f3n de la muestra que nos representa desde el coraz\u00f3n y la tierra. Este agradecimiento es una expresi\u00f3n del productor agropecuario, de los obreros, de los empresarios, de todos los que trabajan alrededor del complejo industrial. AgroActiva es una oportunidad de mostrarnos al mundo con lo que mejor nos representa\u201d, se\u00f1al\u00f3 Verdecchia con entusiasmo.<\/p>\n\n\n\n<p>Tambi\u00e9n agreg\u00f3 que la muestra es un espacio donde el productor agropecuario se siente c\u00f3modo y puede ver aquello en lo que se invierte d\u00eda a d\u00eda: trabajo, innovaci\u00f3n e investigaci\u00f3n. \u201cGracias a todos los que nos hacen sentir que esta tierra tan rica puede seguir produciendo a pesar de los vaivenes pol\u00edticos, clim\u00e1ticos y econ\u00f3micos. Gracias a todos los que hicieron que AgroActiva sea una realidad\u201d, concluy\u00f3 Verdecchia.<\/p>\n\n\n\n<p>Luego de su discurso, el intendente hizo entrega de un escudo de la ciudad de Armstrong a Rosana Nardi,\u201cpara que se sienta una armstronense m\u00e1s\u201d. Tambi\u00e9n otorg\u00f3 presentes a las distintas personalidades de la ciudad que forman parte del municipio y del ambiente art\u00edstico.<\/p>\n","protected":false},"excerpt":{"rendered":"<p>Armstrong, ciudad anfitriona de AgroActiva, realiz\u00f3 el acto inaugural del stand montado en la muestra. Estuvieron presentes Pablo Verdecchia, intendente de Armstrong, Rosana Nardi, presidenta de Agroactiva y Paula Brouwer, diputada Nacional de C\u00f3rdoba. Tambi\u00e9n acompa\u00f1aron armstronenses que tienen distintos puestos dentro del stand y personalidades de dicha ciudad. \u201cLleg\u00f3 el d\u00eda. Despu\u00e9s de casi <a href=\"https:\/\/armstrongyregion.com.ar\/diario\/agroactiva-la-municipalidad-de-armstrong-inauguro-su-stand-con-muchas-propuestas\/\" title=\"Read more\" >&#8230;<\/a><\/p>\n","protected":false},"author":1,"featured_media":34606,"comment_status":"open","ping_status":"open","sticky":false,"template":"","format":"image","meta":{"_jetpack_memberships_contains_paid_content":false,"footnotes":"","jetpack_publicize_message":"","jetpack_publicize_feature_enabled":true,"jetpack_social_post_already_shared":true,"jetpack_social_options":{"image_generator_settings":{"template":"highway","default_image_id":0,"enabled":false},"version":2}},"categories":[8,1,2,7,3],"tags":[],"class_list":["post-34605","post","type-post","status-publish","format-image","has-post-thumbnail","hentry","category-deliberando","category-diario-armstrong","category-locales","category-politica","category-region","post_format-post-format-image"],"jetpack_publicize_connections":[],"jetpack_featured_media_url":"https:\/\/armstrongyregion.com.ar\/diario\/wp-content\/uploads\/2022\/06\/pablito-nardi-agro-.jpg","jetpack_shortlink":"https:\/\/wp.me\/p62QDO-909","jetpack_sharing_enabled":true,"amp_enabled":true,"_links":{"self":[{"href":"https:\/\/armstrongyregion.com.ar\/diario\/wp-json\/wp\/v2\/posts\/34605","targetHints":{"allow":["GET"]}}],"collection":[{"href":"https:\/\/armstrongyregion.com.ar\/diario\/wp-json\/wp\/v2\/posts"}],"about":[{"href":"https:\/\/armstrongyregion.com.ar\/diario\/wp-json\/wp\/v2\/types\/post"}],"author":[{"embeddable":true,"href":"https:\/\/armstrongyregion.com.ar\/diario\/wp-json\/wp\/v2\/users\/1"}],"replies":[{"embeddable":true,"href":"https:\/\/armstrongyregion.com.ar\/diario\/wp-json\/wp\/v2\/comments?post=34605"}],"version-history":[{"count":1,"href":"https:\/\/armstrongyregion.com.ar\/diario\/wp-json\/wp\/v2\/posts\/34605\/revisions"}],"predecessor-version":[{"id":34608,"href":"https:\/\/armstrongyregion.com.ar\/diario\/wp-json\/wp\/v2\/posts\/34605\/revisions\/34608"}],"wp:featuredmedia":[{"embeddable":true,"href":"https:\/\/armstrongyregion.com.ar\/diario\/wp-json\/wp\/v2\/media\/34606"}],"wp:attachment":[{"href":"https:\/\/armstrongyregion.com.ar\/diario\/wp-json\/wp\/v2\/media?parent=34605"}],"wp:term":[{"taxonomy":"category","embeddable":true,"href":"https:\/\/armstrongyregion.com.ar\/diario\/wp-json\/wp\/v2\/categories?post=34605"},{"taxonomy":"post_tag","embeddable":true,"href":"https:\/\/armstrongyregion.com.ar\/diario\/wp-json\/wp\/v2\/tags?post=34605"}],"curies":[{"name":"wp","href":"https:\/\/api.w.org\/{rel}","templated":true}]}}