{"id":34584,"date":"2022-06-01T03:16:52","date_gmt":"2022-06-01T03:16:52","guid":{"rendered":"https:\/\/armstrongyregion.com.ar\/diario\/?p=34584"},"modified":"2022-06-01T03:16:53","modified_gmt":"2022-06-01T03:16:53","slug":"cornaglia-solicito-que-los-certificados-unicos-de-discapacidad-no-tengan-vencimiento","status":"publish","type":"post","link":"https:\/\/armstrongyregion.com.ar\/diario\/cornaglia-solicito-que-los-certificados-unicos-de-discapacidad-no-tengan-vencimiento\/","title":{"rendered":"Cornaglia solicit\u00f3 que los certificados \u00fanicos de discapacidad no tengan vencimiento."},"content":{"rendered":"\n<figure class=\"wp-block-image size-large\"><img loading=\"lazy\" decoding=\"async\" width=\"504\" height=\"378\" src=\"http:\/\/armstrongyregion.com.ar\/diario\/wp-content\/uploads\/2022\/05\/Deliberando-Cornaglia-.jpg\" alt=\"\" class=\"wp-image-34301\" srcset=\"https:\/\/armstrongyregion.com.ar\/diario\/wp-content\/uploads\/2022\/05\/Deliberando-Cornaglia-.jpg 504w, https:\/\/armstrongyregion.com.ar\/diario\/wp-content\/uploads\/2022\/05\/Deliberando-Cornaglia--300x225.jpg 300w\" sizes=\"auto, (max-width: 504px) 100vw, 504px\" \/><\/figure>\n\n\n\n<p>\n\n\u201cEs importante que el Estado pueda darles una soluci\u00f3n a quienes sufren una discapacidad que los va a acompa\u00f1ar toda su vida\u201d, manifest\u00f3 el legislador por el departamento Belgrano.*<br>El senador provincial Guillermo Cornaglia solicit\u00f3 que los Certificados \u00danicos de Discapacidad (CUD) no tengan vencimiento para personas con discapacidades permanentes. Lo hizo a trav\u00e9s de un proyecto de Comunicaci\u00f3n que present\u00f3 en la C\u00e1mara de Senadores solicitando al Poder Ejecutivo que interceda ante la Agencia Nacional de Discapacidad.<br>\u201cEs importante que el Estado pueda darles una soluci\u00f3n tan simple como es el otorgamiento de manera perpetua del Certificado \u00danico de Discapacidad a aquellas personas que m\u00e1s lo necesitan, que son quienes sufren de manera permanente una discapacidad la cual los va a acompa\u00f1ar toda su vida\u201d, manifest\u00f3 Guillermo Cornaglia en su escrito.<br>El legislador por el departamento Belgrano explic\u00f3 tambi\u00e9n que la discapacidad plantea problemas de derechos humanos porque las personas afectadas ven pisoteados sus derechos de m\u00faltiples maneras, en particular siendo objeto de actos de violencia y maltrato o de prejuicios y actitudes poco respetuosas en raz\u00f3n de su discapacidad, lo que concurre con otras formas de discriminaci\u00f3n por motivos de edad y g\u00e9nero, por ejemplo.<br>\u201cLas personas con discapacidad tambi\u00e9n afrontan obst\u00e1culos y realidades estigmatizantes y discriminatorias a la hora de acceder a servicios y dispositivos de salud o relacionados con la salud. La discapacidad es una prioridad de desarrollo porque su prevalencia es m\u00e1s elevada en los pa\u00edses de renta baja y porque discapacidad y pobreza se refuerzan y perpet\u00faan mutuamente\u201d, finaliz\u00f3 Guillermo Cornaglia.\n\n<\/p>\n","protected":false},"excerpt":{"rendered":"<p>\u201cEs importante que el Estado pueda darles una soluci\u00f3n a quienes sufren una discapacidad que los va a acompa\u00f1ar toda su vida\u201d, manifest\u00f3 el legislador por el departamento Belgrano.*El senador provincial Guillermo Cornaglia solicit\u00f3 que los Certificados \u00danicos de Discapacidad (CUD) no tengan vencimiento para personas con discapacidades permanentes. Lo hizo a trav\u00e9s de un <a href=\"https:\/\/armstrongyregion.com.ar\/diario\/cornaglia-solicito-que-los-certificados-unicos-de-discapacidad-no-tengan-vencimiento\/\" title=\"Read more\" >&#8230;<\/a><\/p>\n","protected":false},"author":1,"featured_media":34301,"comment_status":"open","ping_status":"open","sticky":false,"template":"","format":"image","meta":{"_jetpack_memberships_contains_paid_content":false,"footnotes":"","jetpack_publicize_message":"","jetpack_publicize_feature_enabled":true,"jetpack_social_post_already_shared":true,"jetpack_social_options":{"image_generator_settings":{"template":"highway","default_image_id":0,"enabled":false},"version":2}},"categories":[8,1,2,7,3],"tags":[],"class_list":["post-34584","post","type-post","status-publish","format-image","has-post-thumbnail","hentry","category-deliberando","category-diario-armstrong","category-locales","category-politica","category-region","post_format-post-format-image"],"jetpack_publicize_connections":[],"jetpack_featured_media_url":"https:\/\/armstrongyregion.com.ar\/diario\/wp-content\/uploads\/2022\/05\/Deliberando-Cornaglia-.jpg","jetpack_shortlink":"https:\/\/wp.me\/p62QDO-8ZO","jetpack_sharing_enabled":true,"amp_enabled":true,"_links":{"self":[{"href":"https:\/\/armstrongyregion.com.ar\/diario\/wp-json\/wp\/v2\/posts\/34584","targetHints":{"allow":["GET"]}}],"collection":[{"href":"https:\/\/armstrongyregion.com.ar\/diario\/wp-json\/wp\/v2\/posts"}],"about":[{"href":"https:\/\/armstrongyregion.com.ar\/diario\/wp-json\/wp\/v2\/types\/post"}],"author":[{"embeddable":true,"href":"https:\/\/armstrongyregion.com.ar\/diario\/wp-json\/wp\/v2\/users\/1"}],"replies":[{"embeddable":true,"href":"https:\/\/armstrongyregion.com.ar\/diario\/wp-json\/wp\/v2\/comments?post=34584"}],"version-history":[{"count":1,"href":"https:\/\/armstrongyregion.com.ar\/diario\/wp-json\/wp\/v2\/posts\/34584\/revisions"}],"predecessor-version":[{"id":34585,"href":"https:\/\/armstrongyregion.com.ar\/diario\/wp-json\/wp\/v2\/posts\/34584\/revisions\/34585"}],"wp:featuredmedia":[{"embeddable":true,"href":"https:\/\/armstrongyregion.com.ar\/diario\/wp-json\/wp\/v2\/media\/34301"}],"wp:attachment":[{"href":"https:\/\/armstrongyregion.com.ar\/diario\/wp-json\/wp\/v2\/media?parent=34584"}],"wp:term":[{"taxonomy":"category","embeddable":true,"href":"https:\/\/armstrongyregion.com.ar\/diario\/wp-json\/wp\/v2\/categories?post=34584"},{"taxonomy":"post_tag","embeddable":true,"href":"https:\/\/armstrongyregion.com.ar\/diario\/wp-json\/wp\/v2\/tags?post=34584"}],"curies":[{"name":"wp","href":"https:\/\/api.w.org\/{rel}","templated":true}]}}