{"id":34565,"date":"2022-05-31T21:59:14","date_gmt":"2022-05-31T21:59:14","guid":{"rendered":"https:\/\/armstrongyregion.com.ar\/diario\/?p=34565"},"modified":"2022-05-31T21:59:15","modified_gmt":"2022-05-31T21:59:15","slug":"canada-de-gomez-clerici-recorrio-avances-en-la-construccion-del-punto-violeta","status":"publish","type":"post","link":"https:\/\/armstrongyregion.com.ar\/diario\/canada-de-gomez-clerici-recorrio-avances-en-la-construccion-del-punto-violeta\/","title":{"rendered":"Ca\u00f1ada de G\u00f3mez. Cl\u00e9rici recorri\u00f3 avances en la construcci\u00f3n del punto violeta."},"content":{"rendered":"\n<figure class=\"wp-block-image size-large\"><img loading=\"lazy\" decoding=\"async\" width=\"640\" height=\"480\" src=\"http:\/\/armstrongyregion.com.ar\/diario\/wp-content\/uploads\/2022\/05\/clerici-31-05-.jpg\" alt=\"\" class=\"wp-image-34566\" srcset=\"https:\/\/armstrongyregion.com.ar\/diario\/wp-content\/uploads\/2022\/05\/clerici-31-05-.jpg 640w, https:\/\/armstrongyregion.com.ar\/diario\/wp-content\/uploads\/2022\/05\/clerici-31-05--300x225.jpg 300w\" sizes=\"auto, (max-width: 640px) 100vw, 640px\" \/><\/figure>\n\n\n\n<p>La Municipalidad de Ca\u00f1ada de G\u00f3mez avanza con la construcci\u00f3n del Punto Violeta, espacio de igualdad de derechos, contenci\u00f3n y asesoramiento, que se lleva adelante en la zona norte de la ciudad.<\/p>\n\n\n\n<p>La intendenta Stella Cl\u00e9rici junto al secretario de Gobierno, Juan Carlos Tocalli, secretaria de Obras P\u00fablicas, Anal\u00eda De G\u00e1speri, y concejal Diego Diaz Patr\u00f3n, recorrieron la obra que se ejecuta con financiamiento del Gobierno provincial, a trav\u00e9s del Plan Incluir.<\/p>\n\n\n\n<p>\u201cFelices de desarrollar este lugar que se suma a una tarea cotidiana desde Promoci\u00f3n Comunitaria en promover derechos y atender las diferentes situaciones que se dan en cuestiones de g\u00e9nero, diversidad y vulnerabilidad\u201d, expresaron las autoridades.<\/p>\n","protected":false},"excerpt":{"rendered":"<p>La Municipalidad de Ca\u00f1ada de G\u00f3mez avanza con la construcci\u00f3n del Punto Violeta, espacio de igualdad de derechos, contenci\u00f3n y asesoramiento, que se lleva adelante en la zona norte de la ciudad. La intendenta Stella Cl\u00e9rici junto al secretario de Gobierno, Juan Carlos Tocalli, secretaria de Obras P\u00fablicas, Anal\u00eda De G\u00e1speri, y concejal Diego Diaz <a href=\"https:\/\/armstrongyregion.com.ar\/diario\/canada-de-gomez-clerici-recorrio-avances-en-la-construccion-del-punto-violeta\/\" title=\"Read more\" >&#8230;<\/a><\/p>\n","protected":false},"author":1,"featured_media":34566,"comment_status":"open","ping_status":"open","sticky":false,"template":"","format":"image","meta":{"_jetpack_memberships_contains_paid_content":false,"footnotes":"","jetpack_publicize_message":"","jetpack_publicize_feature_enabled":true,"jetpack_social_post_already_shared":true,"jetpack_social_options":{"image_generator_settings":{"template":"highway","default_image_id":0,"enabled":false},"version":2}},"categories":[8,1,7,3],"tags":[],"class_list":["post-34565","post","type-post","status-publish","format-image","has-post-thumbnail","hentry","category-deliberando","category-diario-armstrong","category-politica","category-region","post_format-post-format-image"],"jetpack_publicize_connections":[],"jetpack_featured_media_url":"https:\/\/armstrongyregion.com.ar\/diario\/wp-content\/uploads\/2022\/05\/clerici-31-05-.jpg","jetpack_shortlink":"https:\/\/wp.me\/p62QDO-8Zv","jetpack_sharing_enabled":true,"amp_enabled":true,"_links":{"self":[{"href":"https:\/\/armstrongyregion.com.ar\/diario\/wp-json\/wp\/v2\/posts\/34565","targetHints":{"allow":["GET"]}}],"collection":[{"href":"https:\/\/armstrongyregion.com.ar\/diario\/wp-json\/wp\/v2\/posts"}],"about":[{"href":"https:\/\/armstrongyregion.com.ar\/diario\/wp-json\/wp\/v2\/types\/post"}],"author":[{"embeddable":true,"href":"https:\/\/armstrongyregion.com.ar\/diario\/wp-json\/wp\/v2\/users\/1"}],"replies":[{"embeddable":true,"href":"https:\/\/armstrongyregion.com.ar\/diario\/wp-json\/wp\/v2\/comments?post=34565"}],"version-history":[{"count":1,"href":"https:\/\/armstrongyregion.com.ar\/diario\/wp-json\/wp\/v2\/posts\/34565\/revisions"}],"predecessor-version":[{"id":34567,"href":"https:\/\/armstrongyregion.com.ar\/diario\/wp-json\/wp\/v2\/posts\/34565\/revisions\/34567"}],"wp:featuredmedia":[{"embeddable":true,"href":"https:\/\/armstrongyregion.com.ar\/diario\/wp-json\/wp\/v2\/media\/34566"}],"wp:attachment":[{"href":"https:\/\/armstrongyregion.com.ar\/diario\/wp-json\/wp\/v2\/media?parent=34565"}],"wp:term":[{"taxonomy":"category","embeddable":true,"href":"https:\/\/armstrongyregion.com.ar\/diario\/wp-json\/wp\/v2\/categories?post=34565"},{"taxonomy":"post_tag","embeddable":true,"href":"https:\/\/armstrongyregion.com.ar\/diario\/wp-json\/wp\/v2\/tags?post=34565"}],"curies":[{"name":"wp","href":"https:\/\/api.w.org\/{rel}","templated":true}]}}