{"id":34555,"date":"2022-05-31T01:13:16","date_gmt":"2022-05-31T01:13:16","guid":{"rendered":"https:\/\/armstrongyregion.com.ar\/diario\/?p=34555"},"modified":"2022-05-31T01:18:50","modified_gmt":"2022-05-31T01:18:50","slug":"deliberando-este-martes-abordara-inundaciones-de-la-ciudad-de-santa-fe-en-el-2003-y-la-comunicacion-social","status":"publish","type":"post","link":"https:\/\/armstrongyregion.com.ar\/diario\/deliberando-este-martes-abordara-inundaciones-de-la-ciudad-de-santa-fe-en-el-2003-y-la-comunicacion-social\/","title":{"rendered":"DELIBERANDO este martes abordar\u00e1; inundaciones de la Ciudad de Santa Fe en el 2003 y la Comunicaci\u00f3n social."},"content":{"rendered":"\n<figure class=\"wp-block-image size-large\"><img loading=\"lazy\" decoding=\"async\" width=\"720\" height=\"641\" src=\"http:\/\/armstrongyregion.com.ar\/diario\/wp-content\/uploads\/2022\/05\/hugo-fermani-.jpg\" alt=\"\" class=\"wp-image-34556\" srcset=\"https:\/\/armstrongyregion.com.ar\/diario\/wp-content\/uploads\/2022\/05\/hugo-fermani-.jpg 720w, https:\/\/armstrongyregion.com.ar\/diario\/wp-content\/uploads\/2022\/05\/hugo-fermani--300x267.jpg 300w\" sizes=\"auto, (max-width: 720px) 100vw, 720px\" \/><\/figure>\n\n\n\n<p>El ex senador provincial por el departamento San Jer\u00f3nimo, contador Hugo Fermani, repasar\u00e1 los dif\u00edciles momentos que vivi\u00f3 la ciudad capital hace 19 a\u00f1os. <\/p>\n\n\n\n<p>Los temores ante esta cat\u00e1strofe natural, la organizaci\u00f3n para ayudar a los inundados, el papel de los medios de comunicaci\u00f3n para montar esos operativos.\u00a0<\/p>\n\n\n\n<figure class=\"wp-block-image size-large\"><img loading=\"lazy\" decoding=\"async\" width=\"720\" height=\"641\" src=\"http:\/\/armstrongyregion.com.ar\/diario\/wp-content\/uploads\/2022\/05\/Denis-Periodista-locutora-.jpg\" alt=\"\" class=\"wp-image-34557\" srcset=\"https:\/\/armstrongyregion.com.ar\/diario\/wp-content\/uploads\/2022\/05\/Denis-Periodista-locutora-.jpg 720w, https:\/\/armstrongyregion.com.ar\/diario\/wp-content\/uploads\/2022\/05\/Denis-Periodista-locutora--300x267.jpg 300w\" sizes=\"auto, (max-width: 720px) 100vw, 720px\" \/><\/figure>\n\n\n\n<p>La comunicaci\u00f3n social ser\u00e1 el segundo tema que abordaremos con la periodista Denis Grisel Cardozo, quien brindar\u00e1 su visi\u00f3n sobre la funci\u00f3n de los medios y redes sociales como instrumento de trabajo y la comunicaci\u00f3n entre los j\u00f3venes. Tambi\u00e9n har\u00e1 referencia a las razones por la cual dej\u00f3 de emitir la emisora FM del Rosario, que depend\u00eda del arzobispado rosarino. Perjuicios que trajo aparejado su cierre.\u00a0<\/p>\n\n\n\n<p>Todo, este martes en DELIBERANDO, a las 21hs  con la conducci\u00f3n de la Lic. Graciela de la Casa y Oscar Crispino.\u00a0<\/p>\n\n\n\n<p>Por Cable Imagen Armstrong.<\/p>\n\n\n\n<p>Martes 21hs Programa Estreno\/ Mi\u00e9rcoles 13,30hs Reiteraci\u00f3n y Domingos 12hs Reiteraci\u00f3n.<\/p>\n","protected":false},"excerpt":{"rendered":"<p>El ex senador provincial por el departamento San Jer\u00f3nimo, contador Hugo Fermani, repasar\u00e1 los dif\u00edciles momentos que vivi\u00f3 la ciudad capital hace 19 a\u00f1os. Los temores ante esta cat\u00e1strofe natural, la organizaci\u00f3n para ayudar a los inundados, el papel de los medios de comunicaci\u00f3n para montar esos operativos.\u00a0 La comunicaci\u00f3n social ser\u00e1 el segundo tema <a href=\"https:\/\/armstrongyregion.com.ar\/diario\/deliberando-este-martes-abordara-inundaciones-de-la-ciudad-de-santa-fe-en-el-2003-y-la-comunicacion-social\/\" title=\"Read more\" >&#8230;<\/a><\/p>\n","protected":false},"author":1,"featured_media":34557,"comment_status":"open","ping_status":"open","sticky":false,"template":"","format":"image","meta":{"_jetpack_memberships_contains_paid_content":false,"footnotes":"","jetpack_publicize_message":"","jetpack_publicize_feature_enabled":true,"jetpack_social_post_already_shared":true,"jetpack_social_options":{"image_generator_settings":{"template":"highway","default_image_id":0,"enabled":false},"version":2}},"categories":[6,8,1,2,7,3],"tags":[],"class_list":["post-34555","post","type-post","status-publish","format-image","has-post-thumbnail","hentry","category-cultura-entretenimiento","category-deliberando","category-diario-armstrong","category-locales","category-politica","category-region","post_format-post-format-image"],"jetpack_publicize_connections":[],"jetpack_featured_media_url":"https:\/\/armstrongyregion.com.ar\/diario\/wp-content\/uploads\/2022\/05\/Denis-Periodista-locutora-.jpg","jetpack_shortlink":"https:\/\/wp.me\/p62QDO-8Zl","jetpack_sharing_enabled":true,"amp_enabled":true,"_links":{"self":[{"href":"https:\/\/armstrongyregion.com.ar\/diario\/wp-json\/wp\/v2\/posts\/34555","targetHints":{"allow":["GET"]}}],"collection":[{"href":"https:\/\/armstrongyregion.com.ar\/diario\/wp-json\/wp\/v2\/posts"}],"about":[{"href":"https:\/\/armstrongyregion.com.ar\/diario\/wp-json\/wp\/v2\/types\/post"}],"author":[{"embeddable":true,"href":"https:\/\/armstrongyregion.com.ar\/diario\/wp-json\/wp\/v2\/users\/1"}],"replies":[{"embeddable":true,"href":"https:\/\/armstrongyregion.com.ar\/diario\/wp-json\/wp\/v2\/comments?post=34555"}],"version-history":[{"count":2,"href":"https:\/\/armstrongyregion.com.ar\/diario\/wp-json\/wp\/v2\/posts\/34555\/revisions"}],"predecessor-version":[{"id":34559,"href":"https:\/\/armstrongyregion.com.ar\/diario\/wp-json\/wp\/v2\/posts\/34555\/revisions\/34559"}],"wp:featuredmedia":[{"embeddable":true,"href":"https:\/\/armstrongyregion.com.ar\/diario\/wp-json\/wp\/v2\/media\/34557"}],"wp:attachment":[{"href":"https:\/\/armstrongyregion.com.ar\/diario\/wp-json\/wp\/v2\/media?parent=34555"}],"wp:term":[{"taxonomy":"category","embeddable":true,"href":"https:\/\/armstrongyregion.com.ar\/diario\/wp-json\/wp\/v2\/categories?post=34555"},{"taxonomy":"post_tag","embeddable":true,"href":"https:\/\/armstrongyregion.com.ar\/diario\/wp-json\/wp\/v2\/tags?post=34555"}],"curies":[{"name":"wp","href":"https:\/\/api.w.org\/{rel}","templated":true}]}}