{"id":34552,"date":"2022-05-30T20:43:17","date_gmt":"2022-05-30T20:43:17","guid":{"rendered":"https:\/\/armstrongyregion.com.ar\/diario\/?p=34552"},"modified":"2022-05-30T20:43:18","modified_gmt":"2022-05-30T20:43:18","slug":"que-son-los-trastornos-del-lenguaje-por-lic-claudia-venier","status":"publish","type":"post","link":"https:\/\/armstrongyregion.com.ar\/diario\/que-son-los-trastornos-del-lenguaje-por-lic-claudia-venier\/","title":{"rendered":"Qu\u00e9 son los trastornos del lenguaje? Por Lic. Claudia Venier."},"content":{"rendered":"\n<figure class=\"wp-block-image size-large\"><img loading=\"lazy\" decoding=\"async\" width=\"720\" height=\"540\" src=\"http:\/\/armstrongyregion.com.ar\/diario\/wp-content\/uploads\/2022\/05\/Clau-Venier-2022-.jpg\" alt=\"\" class=\"wp-image-34553\" srcset=\"https:\/\/armstrongyregion.com.ar\/diario\/wp-content\/uploads\/2022\/05\/Clau-Venier-2022-.jpg 720w, https:\/\/armstrongyregion.com.ar\/diario\/wp-content\/uploads\/2022\/05\/Clau-Venier-2022--300x225.jpg 300w\" sizes=\"auto, (max-width: 720px) 100vw, 720px\" \/><\/figure>\n\n\n\n<h2 class=\"wp-block-heading\"> Los trastornos del lenguaje son un tipo de trastorno de la comunicaci\u00f3n. Las personas que desconocen el t\u00e9rmino podr\u00edan pensar que se relaciona con el habla. Pero los trastornos del lenguaje tienen que ver con el uso y la comprensi\u00f3n del lenguaje hablado. <\/h2>\n\n\n\n<p>Lunes 30 de Mayo 2022.<\/p>\n\n\n\n<p>Reiteraci\u00f3n Jueves 20hs y S\u00e1bados 12,30hs<\/p>\n\n\n\n<p>Por Cable Imagen Armstrong.<\/p>\n","protected":false},"excerpt":{"rendered":"<p>Los trastornos del lenguaje son un tipo de trastorno de la comunicaci\u00f3n. Las personas que desconocen el t\u00e9rmino podr\u00edan pensar que se relaciona con el habla. Pero los trastornos del lenguaje tienen que ver con el uso y la comprensi\u00f3n del lenguaje hablado. Lunes 30 de Mayo 2022. Reiteraci\u00f3n Jueves 20hs y S\u00e1bados 12,30hs Por <a href=\"https:\/\/armstrongyregion.com.ar\/diario\/que-son-los-trastornos-del-lenguaje-por-lic-claudia-venier\/\" title=\"Read more\" >&#8230;<\/a><\/p>\n","protected":false},"author":1,"featured_media":34553,"comment_status":"open","ping_status":"open","sticky":false,"template":"","format":"image","meta":{"_jetpack_memberships_contains_paid_content":false,"footnotes":"","jetpack_publicize_message":"","jetpack_publicize_feature_enabled":true,"jetpack_social_post_already_shared":true,"jetpack_social_options":{"image_generator_settings":{"template":"highway","default_image_id":0,"enabled":false},"version":2}},"categories":[8,1,2,7,4,3],"tags":[],"class_list":["post-34552","post","type-post","status-publish","format-image","has-post-thumbnail","hentry","category-deliberando","category-diario-armstrong","category-locales","category-politica","category-prevencion-salud","category-region","post_format-post-format-image"],"jetpack_publicize_connections":[],"jetpack_featured_media_url":"https:\/\/armstrongyregion.com.ar\/diario\/wp-content\/uploads\/2022\/05\/Clau-Venier-2022-.jpg","jetpack_shortlink":"https:\/\/wp.me\/p62QDO-8Zi","jetpack_sharing_enabled":true,"amp_enabled":true,"_links":{"self":[{"href":"https:\/\/armstrongyregion.com.ar\/diario\/wp-json\/wp\/v2\/posts\/34552","targetHints":{"allow":["GET"]}}],"collection":[{"href":"https:\/\/armstrongyregion.com.ar\/diario\/wp-json\/wp\/v2\/posts"}],"about":[{"href":"https:\/\/armstrongyregion.com.ar\/diario\/wp-json\/wp\/v2\/types\/post"}],"author":[{"embeddable":true,"href":"https:\/\/armstrongyregion.com.ar\/diario\/wp-json\/wp\/v2\/users\/1"}],"replies":[{"embeddable":true,"href":"https:\/\/armstrongyregion.com.ar\/diario\/wp-json\/wp\/v2\/comments?post=34552"}],"version-history":[{"count":1,"href":"https:\/\/armstrongyregion.com.ar\/diario\/wp-json\/wp\/v2\/posts\/34552\/revisions"}],"predecessor-version":[{"id":34554,"href":"https:\/\/armstrongyregion.com.ar\/diario\/wp-json\/wp\/v2\/posts\/34552\/revisions\/34554"}],"wp:featuredmedia":[{"embeddable":true,"href":"https:\/\/armstrongyregion.com.ar\/diario\/wp-json\/wp\/v2\/media\/34553"}],"wp:attachment":[{"href":"https:\/\/armstrongyregion.com.ar\/diario\/wp-json\/wp\/v2\/media?parent=34552"}],"wp:term":[{"taxonomy":"category","embeddable":true,"href":"https:\/\/armstrongyregion.com.ar\/diario\/wp-json\/wp\/v2\/categories?post=34552"},{"taxonomy":"post_tag","embeddable":true,"href":"https:\/\/armstrongyregion.com.ar\/diario\/wp-json\/wp\/v2\/tags?post=34552"}],"curies":[{"name":"wp","href":"https:\/\/api.w.org\/{rel}","templated":true}]}}