{"id":34522,"date":"2022-05-28T17:17:15","date_gmt":"2022-05-28T17:17:15","guid":{"rendered":"https:\/\/armstrongyregion.com.ar\/diario\/?p=34522"},"modified":"2022-05-28T17:17:16","modified_gmt":"2022-05-28T17:17:16","slug":"di-stefano-la-ucr-es-un-espacio-de-poder-y-estamos-construyendo-una-alternativa-para-2023","status":"publish","type":"post","link":"https:\/\/armstrongyregion.com.ar\/diario\/di-stefano-la-ucr-es-un-espacio-de-poder-y-estamos-construyendo-una-alternativa-para-2023\/","title":{"rendered":"Di St\u00e9fano: \u201cLa UCR es un espacio de poder y estamos construyendo una alternativa para 2023\u201d"},"content":{"rendered":"\n<figure class=\"wp-block-image size-large\"><img loading=\"lazy\" decoding=\"async\" width=\"576\" height=\"401\" src=\"http:\/\/armstrongyregion.com.ar\/diario\/wp-content\/uploads\/2022\/05\/diste-e1653689440117.jpeg\" alt=\"\" class=\"wp-image-34523\" srcset=\"https:\/\/armstrongyregion.com.ar\/diario\/wp-content\/uploads\/2022\/05\/diste-e1653689440117.jpeg 576w, https:\/\/armstrongyregion.com.ar\/diario\/wp-content\/uploads\/2022\/05\/diste-e1653689440117-300x209.jpeg 300w\" sizes=\"auto, (max-width: 576px) 100vw, 576px\" \/><\/figure>\n\n\n\n<h2 class=\"wp-block-heading\"> La legisladora asumi\u00f3 la vicepresidencia 1\u00b0 del Comit\u00e9 Departamental San Lorenzo acompa\u00f1ando al concejal Hern\u00e1n Ore, quien fue reelecto presidente.<\/h2>\n\n\n\n<p>Con la presencia de los m\u00e1ximos referentes provinciales del radicalismo, la nueva mesa de conducci\u00f3n partidaria del departamento San Lorenzo fue puesta en funciones esta semana. A la ceremonia asistieron, el presidente del partido a nivel provincial, Felipe Michlig. El senador estuvo acompa\u00f1ado por el diputado y jefe del bloque UCR \u2013 Evoluci\u00f3n Maximiliano Pullaro, su par Juli\u00e1n Galdeano, el intendente de la ciudad anfitriona, Leo Raimundo y el presidente del Foro de Intendentes y Comunas Radicales, Horacio Ciancio.<\/p>\n\n\n\n<p>\u201cEstamos muy contentos y entusiasmado por este desaf\u00edo\u201d expres\u00f3 Di Stefano luego de la asunci\u00f3n \u201c La UCR es un espacio de poder y estamos construyendo una alternativa para 2023. En la provincia tenemos cientos de localidades que est\u00e1n siendo gestionadas con eficiencia por hombres y mujeres radicales y creo que estamos en un momento en el que podemos luchar por gobernar la provincia en el 2023\u201d, a\u00f1adi\u00f3.<\/p>\n\n\n\n<p>El acto se realiz\u00f3 el martes por la noche y asistieron representantes de todas las tribus radicales. A ellos se sumaron invitados del PRO y del PDP, lo que aliment\u00f3 el entusiasmo en los discursos de cada uno de los que tomaron la palabra. El partido radical abri\u00f3 el di\u00e1logo a todo el espectro opositor al gobierno. En la semana los m\u00e1ximos referentes tuvieron conversaciones con representantes del socialismo y del partido CREO, entre otros.<\/p>\n\n\n\n<p>\u201cComo dice nuestro presidente del partido Felipe Michlig, no vamos a dar ninguna pelota por perdida, vamos a hacer todos los esfuerzos por construir un programa de gesti\u00f3n que le de respuestas a la gente. Vamos a disputar la gobernaci\u00f3n, cada senadur\u00eda y cada Municipio y Comuna. La Uni\u00f3n C\u00edvica Radical es el partido de Alfons\u00edn, de Illia, de Yrigoyen. Queremos llegar al gobierno y hoy tenemos con que\u201d, enfatiz\u00f3 la diputada provincial.<\/p>\n\n\n\n<p>La mesa qued\u00f3 conformada por Hern\u00e1n Ore como presidente, Silvana Di Stefano como vicepresidenta 1\u00b0, Myrna Malizia en la vicepresidencia 2\u00b0, Gerardo Grosso como secretario, Liliana Canut en la secretar\u00eda de la mujer, Mauricio Dominguez como tesorero y Joel Ponce de Le\u00f3n representando a la juventud radical.<\/p>\n","protected":false},"excerpt":{"rendered":"<p>La legisladora asumi\u00f3 la vicepresidencia 1\u00b0 del Comit\u00e9 Departamental San Lorenzo acompa\u00f1ando al concejal Hern\u00e1n Ore, quien fue reelecto presidente. Con la presencia de los m\u00e1ximos referentes provinciales del radicalismo, la nueva mesa de conducci\u00f3n partidaria del departamento San Lorenzo fue puesta en funciones esta semana. A la ceremonia asistieron, el presidente del partido a <a href=\"https:\/\/armstrongyregion.com.ar\/diario\/di-stefano-la-ucr-es-un-espacio-de-poder-y-estamos-construyendo-una-alternativa-para-2023\/\" title=\"Read more\" >&#8230;<\/a><\/p>\n","protected":false},"author":1,"featured_media":34523,"comment_status":"open","ping_status":"open","sticky":false,"template":"","format":"image","meta":{"_jetpack_memberships_contains_paid_content":false,"footnotes":"","jetpack_publicize_message":"","jetpack_publicize_feature_enabled":true,"jetpack_social_post_already_shared":true,"jetpack_social_options":{"image_generator_settings":{"template":"highway","default_image_id":0,"enabled":false},"version":2}},"categories":[8,1,2,7,3],"tags":[],"class_list":["post-34522","post","type-post","status-publish","format-image","has-post-thumbnail","hentry","category-deliberando","category-diario-armstrong","category-locales","category-politica","category-region","post_format-post-format-image"],"jetpack_publicize_connections":[],"jetpack_featured_media_url":"https:\/\/armstrongyregion.com.ar\/diario\/wp-content\/uploads\/2022\/05\/diste-e1653689440117.jpeg","jetpack_shortlink":"https:\/\/wp.me\/p62QDO-8YO","jetpack_sharing_enabled":true,"amp_enabled":true,"_links":{"self":[{"href":"https:\/\/armstrongyregion.com.ar\/diario\/wp-json\/wp\/v2\/posts\/34522","targetHints":{"allow":["GET"]}}],"collection":[{"href":"https:\/\/armstrongyregion.com.ar\/diario\/wp-json\/wp\/v2\/posts"}],"about":[{"href":"https:\/\/armstrongyregion.com.ar\/diario\/wp-json\/wp\/v2\/types\/post"}],"author":[{"embeddable":true,"href":"https:\/\/armstrongyregion.com.ar\/diario\/wp-json\/wp\/v2\/users\/1"}],"replies":[{"embeddable":true,"href":"https:\/\/armstrongyregion.com.ar\/diario\/wp-json\/wp\/v2\/comments?post=34522"}],"version-history":[{"count":1,"href":"https:\/\/armstrongyregion.com.ar\/diario\/wp-json\/wp\/v2\/posts\/34522\/revisions"}],"predecessor-version":[{"id":34524,"href":"https:\/\/armstrongyregion.com.ar\/diario\/wp-json\/wp\/v2\/posts\/34522\/revisions\/34524"}],"wp:featuredmedia":[{"embeddable":true,"href":"https:\/\/armstrongyregion.com.ar\/diario\/wp-json\/wp\/v2\/media\/34523"}],"wp:attachment":[{"href":"https:\/\/armstrongyregion.com.ar\/diario\/wp-json\/wp\/v2\/media?parent=34522"}],"wp:term":[{"taxonomy":"category","embeddable":true,"href":"https:\/\/armstrongyregion.com.ar\/diario\/wp-json\/wp\/v2\/categories?post=34522"},{"taxonomy":"post_tag","embeddable":true,"href":"https:\/\/armstrongyregion.com.ar\/diario\/wp-json\/wp\/v2\/tags?post=34522"}],"curies":[{"name":"wp","href":"https:\/\/api.w.org\/{rel}","templated":true}]}}