{"id":34489,"date":"2022-05-26T02:03:32","date_gmt":"2022-05-26T02:03:32","guid":{"rendered":"https:\/\/armstrongyregion.com.ar\/diario\/?p=34489"},"modified":"2022-05-26T03:04:39","modified_gmt":"2022-05-26T03:04:39","slug":"se-declaro-de-interes-municipal-la-muestra-agroactiva","status":"publish","type":"post","link":"https:\/\/armstrongyregion.com.ar\/diario\/se-declaro-de-interes-municipal-la-muestra-agroactiva\/","title":{"rendered":"Se declar\u00f3 de inter\u00e9s municipal la muestra AgroActiva."},"content":{"rendered":"\n<figure class=\"wp-block-image size-large\"><img loading=\"lazy\" decoding=\"async\" width=\"1008\" height=\"756\" src=\"http:\/\/armstrongyregion.com.ar\/diario\/wp-content\/uploads\/2022\/05\/ale-pertu-delib-2022.jpg\" alt=\"\" class=\"wp-image-34189\" srcset=\"https:\/\/armstrongyregion.com.ar\/diario\/wp-content\/uploads\/2022\/05\/ale-pertu-delib-2022.jpg 1008w, https:\/\/armstrongyregion.com.ar\/diario\/wp-content\/uploads\/2022\/05\/ale-pertu-delib-2022-300x225.jpg 300w, https:\/\/armstrongyregion.com.ar\/diario\/wp-content\/uploads\/2022\/05\/ale-pertu-delib-2022-768x576.jpg 768w\" sizes=\"auto, (max-width: 1008px) 100vw, 1008px\" \/><\/figure>\n\n\n\n<p> El Pte del Concejo Prof. Alejandro Pertusati, al t\u00e9rmino de la sesi\u00f3n  del pasado martes inform\u00f3: \u201cEsta fue una sesi\u00f3n muy amena, no hubo muchos proyectos, pero s\u00ed se declar\u00f3 de inter\u00e9s municipal la muestra AgroActiva 2022, sabemos de la importancia que tiene la misma para Armstrong y toda la regi\u00f3n , esta es una exposici\u00f3n que naci\u00f3 en nuestra ciudad hace 28 a\u00f1os y que regres\u00f3 hace cuatro y ni hablar del movimiento que genera  a trav\u00e9s de sus stands, de sus rondas de negocios, tambi\u00e9n es beneficiosa para los comercios locales, como para nuestra industria\u00bb.  <\/p>\n\n\n\n<p> El edil agreg\u00f3; \u201cObviamente vamos a estar presente en la inauguraci\u00f3n tanto del stand municipal, como del acto inaugural de la muestra. Los concejales est\u00e1n todos invitados y despu\u00e9s de dos a\u00f1os de pandemia, que no se hacia en el campo, desde mi lugar ya aseguro mi presencia. Finaliz\u00f3.<\/p>\n","protected":false},"excerpt":{"rendered":"<p>El Pte del Concejo Prof. Alejandro Pertusati, al t\u00e9rmino de la sesi\u00f3n del pasado martes inform\u00f3: \u201cEsta fue una sesi\u00f3n muy amena, no hubo muchos proyectos, pero s\u00ed se declar\u00f3 de inter\u00e9s municipal la muestra AgroActiva 2022, sabemos de la importancia que tiene la misma para Armstrong y toda la regi\u00f3n , esta es una <a href=\"https:\/\/armstrongyregion.com.ar\/diario\/se-declaro-de-interes-municipal-la-muestra-agroactiva\/\" title=\"Read more\" >&#8230;<\/a><\/p>\n","protected":false},"author":1,"featured_media":34189,"comment_status":"open","ping_status":"open","sticky":false,"template":"","format":"image","meta":{"_jetpack_memberships_contains_paid_content":false,"footnotes":"","jetpack_publicize_message":"","jetpack_publicize_feature_enabled":true,"jetpack_social_post_already_shared":true,"jetpack_social_options":{"image_generator_settings":{"template":"highway","default_image_id":0,"enabled":false},"version":2}},"categories":[8,1,2,7,3],"tags":[],"class_list":["post-34489","post","type-post","status-publish","format-image","has-post-thumbnail","hentry","category-deliberando","category-diario-armstrong","category-locales","category-politica","category-region","post_format-post-format-image"],"jetpack_publicize_connections":[],"jetpack_featured_media_url":"https:\/\/armstrongyregion.com.ar\/diario\/wp-content\/uploads\/2022\/05\/ale-pertu-delib-2022.jpg","jetpack_shortlink":"https:\/\/wp.me\/p62QDO-8Yh","jetpack_sharing_enabled":true,"amp_enabled":true,"_links":{"self":[{"href":"https:\/\/armstrongyregion.com.ar\/diario\/wp-json\/wp\/v2\/posts\/34489","targetHints":{"allow":["GET"]}}],"collection":[{"href":"https:\/\/armstrongyregion.com.ar\/diario\/wp-json\/wp\/v2\/posts"}],"about":[{"href":"https:\/\/armstrongyregion.com.ar\/diario\/wp-json\/wp\/v2\/types\/post"}],"author":[{"embeddable":true,"href":"https:\/\/armstrongyregion.com.ar\/diario\/wp-json\/wp\/v2\/users\/1"}],"replies":[{"embeddable":true,"href":"https:\/\/armstrongyregion.com.ar\/diario\/wp-json\/wp\/v2\/comments?post=34489"}],"version-history":[{"count":3,"href":"https:\/\/armstrongyregion.com.ar\/diario\/wp-json\/wp\/v2\/posts\/34489\/revisions"}],"predecessor-version":[{"id":34496,"href":"https:\/\/armstrongyregion.com.ar\/diario\/wp-json\/wp\/v2\/posts\/34489\/revisions\/34496"}],"wp:featuredmedia":[{"embeddable":true,"href":"https:\/\/armstrongyregion.com.ar\/diario\/wp-json\/wp\/v2\/media\/34189"}],"wp:attachment":[{"href":"https:\/\/armstrongyregion.com.ar\/diario\/wp-json\/wp\/v2\/media?parent=34489"}],"wp:term":[{"taxonomy":"category","embeddable":true,"href":"https:\/\/armstrongyregion.com.ar\/diario\/wp-json\/wp\/v2\/categories?post=34489"},{"taxonomy":"post_tag","embeddable":true,"href":"https:\/\/armstrongyregion.com.ar\/diario\/wp-json\/wp\/v2\/tags?post=34489"}],"curies":[{"name":"wp","href":"https:\/\/api.w.org\/{rel}","templated":true}]}}