{"id":34418,"date":"2022-05-19T22:37:41","date_gmt":"2022-05-19T22:37:41","guid":{"rendered":"https:\/\/armstrongyregion.com.ar\/diario\/?p=34418"},"modified":"2022-05-19T22:38:20","modified_gmt":"2022-05-19T22:38:20","slug":"el-concejo-aprobo-una-propuesta-de-adhesion-a-la-eliminacion-de-la-renovacion-del-certificado-de-discapacidad","status":"publish","type":"post","link":"https:\/\/armstrongyregion.com.ar\/diario\/el-concejo-aprobo-una-propuesta-de-adhesion-a-la-eliminacion-de-la-renovacion-del-certificado-de-discapacidad\/","title":{"rendered":"El concejo aprob\u00f3 una propuesta de adhesi\u00f3n al proyecto de eliminaci\u00f3n de la renovaci\u00f3n del Certificado de Discapacidad."},"content":{"rendered":"\n<figure class=\"wp-block-image size-large\"><img decoding=\"async\" src=\"http:\/\/armstrongyregion.com.ar\/diario\/wp-content\/uploads\/2022\/05\/concejales-ucr.jpg\" alt=\"\" class=\"wp-image-34419\"\/><\/figure>\n\n\n\n<p> El Concejo Municipal de Armstrong  aprob\u00f3 la propuesta que present\u00f3 el Bloque de Alejandro Pertusati y Guillermo Luzzi,  de adhesi\u00f3n al proyecto presentado por los Diputados Nacionales <a href=\"https:\/\/www.facebook.com\/CarlaCarrizoAR?__cft__[0]=AZUb3MRTq0zO-U-3xdGqR2CzJYqWROCmfuczYs1-BwAIboNOeqmEa100ILAhTJF-mraDhciRId1qHzS82tilLLyXhfKKdiDVyuLH0vCyT9nlCTncGXlMWLktOHUKUKON97rbAF0eF6bSbb1t8UTXZodr&amp;__tn__=-]K-R\">Carla Carrizo<\/a>  y <a href=\"https:\/\/www.facebook.com\/martintetaz?__cft__[0]=AZUb3MRTq0zO-U-3xdGqR2CzJYqWROCmfuczYs1-BwAIboNOeqmEa100ILAhTJF-mraDhciRId1qHzS82tilLLyXhfKKdiDVyuLH0vCyT9nlCTncGXlMWLktOHUKUKON97rbAF0eF6bSbb1t8UTXZodr&amp;__tn__=-]K-R\">Martin Tetaz<\/a> , sobre la Eliminaci\u00f3n de la renovaci\u00f3n del Certificado \u00danico de Discapacidad (CUD) para casos de discapacidad funcional permanente e irreversible, y solicitamos a la C\u00e1mara de Diputados de la Naci\u00f3n su tratamiento urgente <\/p>\n\n\n\n<p> Actualmente, las personas con discapacidades permanentes e irreversibles, son obligadas por el Estado a comprobar con cierta frecuencia y mediante pruebas m\u00e9dicas, que sus impedimentos f\u00edsicos o ps\u00edquicos, no han sufrido mejor\u00eda. <\/p>\n\n\n\n<p> Este requisito es necesario para poder renovar el Certificado \u00fanico de Discapacidad (CUD) que les permite Cobertura del 100% en medicamentos, equipamientos y tratamientos para tratar la discapacidad declarada.<\/p>\n\n\n\n<p> Ello refiere a personas que tienen una alteraci\u00f3n funcional permanente, transitoria o prolongada, f\u00edsica, sensorial o mental, que en relaci\u00f3n a su edad y medio social implica desventajas considerables para su adecuada integraci\u00f3n familiar, social o laboral.<\/p>\n\n\n\n<p> Es razonable que el CUD se renueve seg\u00fan el plazo que indique la Junta evaluadora, pero hoy por hoy, este proceso no distingue las situaciones de discapacidades permanentes e irreversibles, de aquellas que son transitorias o prolongadas por un determinado plazo, creando tr\u00e1mites innecesarios para muchas personas que hoy se encuentran en esta situaci\u00f3n y dependen de sus familias para poder realizarlos, por lo que podr\u00eda decirse que, renovar el CUD, cuando la discapacidad es irreversible, somete al grupo familiar a tr\u00e1mites engorrosos y burocr\u00e1ticos que muchas veces termina por  imposibilitar un correcto acceso a las prestaciones.<\/p>\n\n\n\n<p>En el siguiente Link, podr\u00e1n sumarse a la iniciativa y de esta manera lograr que el proyecto sea tratado en la C\u00e1mara de Diputados  <a href=\"https:\/\/l.facebook.com\/l.php?u=http%3A%2F%2FChange.org%2FCUDNoRenovable%3Ffbclid%3DIwAR1bdqMwH3g7ZOLulcYSsY3xl1Pgr73ptNJJhnKZUeYp4UObuNZN45V8G8g&amp;h=AT3QBWVn5axPdN7vKp_CB_5CJS2u4s-hHW9A_07ZTOKGEOiUf0rT-hk5rTJdLLJoFpLBg_V2PBcVcEDXgUWGOYSoDyomTtt3IRe1mNV2OqI9x7FyN8jRN00DUz_UUGLeew&amp;__tn__=-UK-R&amp;c[0]=AT1kMzkoGo6oi5FgSqStXMfWRRyxHx9QjNPdbRMqxPKFMyfSIQu1XtMNamMNFz4Ha9QB17U7wVX5FNxyBI5mTtHe2UkEoTJWGcN-nwwwfDRQx-oEJGL6ijcG14Rqrez8EWapRZ41p2Ec1ShsERF720p-QehvlO-nKi5nCca6GB3t85Y\" rel=\"noreferrer noopener\" target=\"_blank\">http:\/\/Change.org\/CUDNoRenovable<\/a><\/p>\n","protected":false},"excerpt":{"rendered":"<p>El Concejo Municipal de Armstrong aprob\u00f3 la propuesta que present\u00f3 el Bloque de Alejandro Pertusati y Guillermo Luzzi, de adhesi\u00f3n al proyecto presentado por los Diputados Nacionales Carla Carrizo y Martin Tetaz , sobre la Eliminaci\u00f3n de la renovaci\u00f3n del Certificado \u00danico de Discapacidad (CUD) para casos de discapacidad funcional permanente e irreversible, y solicitamos <a href=\"https:\/\/armstrongyregion.com.ar\/diario\/el-concejo-aprobo-una-propuesta-de-adhesion-a-la-eliminacion-de-la-renovacion-del-certificado-de-discapacidad\/\" title=\"Read more\" >&#8230;<\/a><\/p>\n","protected":false},"author":1,"featured_media":0,"comment_status":"open","ping_status":"open","sticky":false,"template":"","format":"image","meta":{"_jetpack_memberships_contains_paid_content":false,"footnotes":"","jetpack_publicize_message":"","jetpack_publicize_feature_enabled":true,"jetpack_social_post_already_shared":true,"jetpack_social_options":{"image_generator_settings":{"template":"highway","default_image_id":0,"enabled":false},"version":2}},"categories":[8,1,2,7],"tags":[],"class_list":["post-34418","post","type-post","status-publish","format-image","hentry","category-deliberando","category-diario-armstrong","category-locales","category-politica","post_format-post-format-image"],"jetpack_publicize_connections":[],"jetpack_featured_media_url":"","jetpack_shortlink":"https:\/\/wp.me\/p62QDO-8X8","jetpack_sharing_enabled":true,"amp_enabled":true,"_links":{"self":[{"href":"https:\/\/armstrongyregion.com.ar\/diario\/wp-json\/wp\/v2\/posts\/34418","targetHints":{"allow":["GET"]}}],"collection":[{"href":"https:\/\/armstrongyregion.com.ar\/diario\/wp-json\/wp\/v2\/posts"}],"about":[{"href":"https:\/\/armstrongyregion.com.ar\/diario\/wp-json\/wp\/v2\/types\/post"}],"author":[{"embeddable":true,"href":"https:\/\/armstrongyregion.com.ar\/diario\/wp-json\/wp\/v2\/users\/1"}],"replies":[{"embeddable":true,"href":"https:\/\/armstrongyregion.com.ar\/diario\/wp-json\/wp\/v2\/comments?post=34418"}],"version-history":[{"count":2,"href":"https:\/\/armstrongyregion.com.ar\/diario\/wp-json\/wp\/v2\/posts\/34418\/revisions"}],"predecessor-version":[{"id":34421,"href":"https:\/\/armstrongyregion.com.ar\/diario\/wp-json\/wp\/v2\/posts\/34418\/revisions\/34421"}],"wp:attachment":[{"href":"https:\/\/armstrongyregion.com.ar\/diario\/wp-json\/wp\/v2\/media?parent=34418"}],"wp:term":[{"taxonomy":"category","embeddable":true,"href":"https:\/\/armstrongyregion.com.ar\/diario\/wp-json\/wp\/v2\/categories?post=34418"},{"taxonomy":"post_tag","embeddable":true,"href":"https:\/\/armstrongyregion.com.ar\/diario\/wp-json\/wp\/v2\/tags?post=34418"}],"curies":[{"name":"wp","href":"https:\/\/api.w.org\/{rel}","templated":true}]}}