{"id":34409,"date":"2022-05-19T02:30:26","date_gmt":"2022-05-19T02:30:26","guid":{"rendered":"https:\/\/armstrongyregion.com.ar\/diario\/?p=34409"},"modified":"2022-05-19T02:30:27","modified_gmt":"2022-05-19T02:30:27","slug":"finalizo-el-operativo-censo-nacional-2022-en-la-provincia-de-santa-fe","status":"publish","type":"post","link":"https:\/\/armstrongyregion.com.ar\/diario\/finalizo-el-operativo-censo-nacional-2022-en-la-provincia-de-santa-fe\/","title":{"rendered":"Finaliz\u00f3 el Operativo Censo Nacional 2022 en la provincia de Santa Fe."},"content":{"rendered":"\n<figure class=\"wp-block-image size-large\"><img loading=\"lazy\" decoding=\"async\" width=\"480\" height=\"270\" src=\"http:\/\/armstrongyregion.com.ar\/diario\/wp-content\/uploads\/2022\/05\/censo-pcia-18-05.jpg\" alt=\"\" class=\"wp-image-34410\" srcset=\"https:\/\/armstrongyregion.com.ar\/diario\/wp-content\/uploads\/2022\/05\/censo-pcia-18-05.jpg 480w, https:\/\/armstrongyregion.com.ar\/diario\/wp-content\/uploads\/2022\/05\/censo-pcia-18-05-300x169.jpg 300w\" sizes=\"auto, (max-width: 480px) 100vw, 480px\" \/><\/figure>\n\n\n\n<h2 class=\"wp-block-heading\"> El amplio dispositivo territorial dispuesto en el marco del Censo Nacional de Poblaci\u00f3n, Hogares y Viviendas 2022, tuvo un desempe\u00f1o exitoso en la provincia. <\/h2>\n\n\n\n<p>El Operativo Censo Nacional 2022, que arrojar\u00e1 datos estad\u00edsticos sobre el n\u00famero de habitantes de la Argentina, las condiciones de infraestructura de sus viviendas, sus niveles educativos, la identidad de g\u00e9nero autopercibida y la cantidad descendientes de pueblos originarios o afrodescendientes entre otras informaciones sustanciales, tuvo una jornada a pleno en la provincia de Santa Fe. Todos los reportes relevados al momento, se\u00f1alan que la poblaci\u00f3n censada estuvo predispuesta a recibirlos, entregar el c\u00f3digo de cumplimiento del Censo Digital o cumplir con la breve entrevista presencial.<\/p>\n\n\n\n<p>Cabe recordar que por Decreto 1175\/2021, firmado por el gobernador Omar Perotti, la provincia de Santa Fe adhiri\u00f3 al Censo de Poblaci\u00f3n y dispuso la creaci\u00f3n del Comit\u00e9 Censal Provincial.<\/p>\n\n\n\n<p>Sobre las alternativas de la jornada, el director de IPEC Gabriel Frontons sostuvo: \u201cEl operativo censal se llev\u00f3 adelante con normalidad, las personas censistas realizaron su recorrido y retornaron a sus sedes correspondientes para entregar el material. La poblaci\u00f3n estuvo predispuesta a recibirlos, entregar el c\u00f3digo de cumplimiento del Censo digital o hacer la entrevista presencial\u201d.<\/p>\n\n\n\n<p>En cuanto al censo digital, Frontons manifest\u00f3: \u201csi bien no tenemos base de comparaci\u00f3n, ya que es la primera vez que se pone en pr\u00e1ctica en nuestro pa\u00eds, en la provincia de Santa Fe los resultados preliminares son muy positivos ya que aproximadamente la mitad de las viviendas particulares fueron registradas\u201d.<\/p>\n\n\n\n<p>En el barrido territorial de viviendas particulares, en la provincia de Santa Fe particip\u00f3 una estructura censal de m\u00e1s de 55 mil personas, m\u00e1s el personal de fuerzas de seguridad que custodiaron sedes y realizaron rondas. Adem\u00e1s, en los d\u00edas previos se realiz\u00f3 el Censo en zonas rurales, en viviendas colectivas y de personas en situaci\u00f3n de calle con el objetivo de garantizar que cada habitante sea censado.<\/p>\n\n\n\n<p>El Censo Nacional 2022 permitir\u00e1 relevar a todas las personas, hogares y viviendas en el lugar correcto, para conocer, cuantificar y analizar la estructura demogr\u00e1fica y socioecon\u00f3mica y la distribuci\u00f3n espacial de la poblaci\u00f3n. Brindar\u00e1 datos precisos y actualizados sobre la distribuci\u00f3n de la poblaci\u00f3n en el territorio, la composici\u00f3n por sexo y edad, el nivel educativo, la cobertura de salud, los rasgos de la vivienda y la situaci\u00f3n laboral, entre otros importantes aspectos.<\/p>\n\n\n\n<p>En ese sentido, Frontons explic\u00f3: \u201cdel trabajo de hoy depende los datos de los pr\u00f3ximos diez a\u00f1os, la foto exacta que brinda el censo permite formular pol\u00edticas p\u00fablicas, determinar por ejemplo qu\u00e9 zonas necesitan ciertos servicios, escuelas, centros de salud; y al sector privado le provee de informaci\u00f3n estrat\u00e9gica para la toma de decisiones, el desarrollo de proyectos, la concreci\u00f3n de inversiones y la investigaci\u00f3n cient\u00edfica\u201d, puntualiz\u00f3 Frontons.<\/p>\n\n\n\n<p>Por \u00faltimo, Frontons enfatiz\u00f3 el trabajo conjunto y la colaboraci\u00f3n de los organismos, instituciones y poblaci\u00f3n en general: \u201cDesde el IPEC queremos agradecer a todos los que trabajaron para que este Censo sea posible. El acompa\u00f1amiento del gobierno provincial, especialmente del presidente del Comit\u00e9 Censal, CPN Walter Agosto, de Rosa Ana Cencha y Leonardo Di Paolo -ambos funcionarios del Ministerio de Educaci\u00f3n-, de la estructura docente y de los censistas voluntarios, result\u00f3 clave en este operativo\u201d.<\/p>\n\n\n\n<p>A todos los Municipios y Comunas; a las \u00e1reas de Acci\u00f3n Social de las municipalidades de Santa Fe, Santo Tom\u00e9, Rosario y Villa Gobernador G\u00e1lvez que colaboraron con el Censo de personas en situaci\u00f3n de Calle; las fuerzas de seguridad y en particular a Prefectura Naval Argentina que form\u00f3 parte del operativo en la zona de islas;&nbsp; a todas las instituciones y organizaciones sociales que colaboraron con la difusi\u00f3n, a los medios de comunicaci\u00f3n pero por sobre todas las cosas a la poblaci\u00f3n que recibi\u00f3 muy bien predispuesta a los censistas\u201d.<\/p>\n\n\n\n<p><strong>Tareas pre censales<\/strong><\/p>\n\n\n\n<p>El trabajo del IPEC, bajo la coordinaci\u00f3n del Instituto Nacional de Estad\u00edstica y Censos comenz\u00f3 en 2019 con el operativo de ADRA (Actualizaci\u00f3n Archivo de domicilios de la Rep\u00fablica Argentina) en todas las localidades con m\u00e1s de 2.000 habitantes. Para ese operativo de listado y conteo de viviendas se conformaron diferentes equipos, integrados por actualizadores y supervisores funci\u00f3n de recorrer las diferentes \u00e1reas para observar, listar y actualizar todas las viviendas mediante el uso de dispositivos m\u00f3viles y planillas en soporte papel.<\/p>\n\n\n\n<p>En julio de 2021, el gobierno provincial cre\u00f3 el Comit\u00e9 Censal provincial bajo la presidencia del ministro de Econom\u00eda, Walter Agosto y el director del IPEC en la presidencia. Del mismo participaron representantes de todos los ministerios del gabinete provincial, manteniendo reuniones peri\u00f3dicas y llevando adelante las tareas necesarias la realizaci\u00f3n del Censo.&nbsp;<\/p>\n\n\n\n<p>M\u00e1s tarde, el 12 de diciembre de 2021, por primera vez en el pa\u00eds el censo experimental se realiz\u00f3 en una ciudad del interior. La localidad elegida fue G\u00e1lvez junto a las comunas 2 y 5 de la Ciudad Aut\u00f3noma de Buenos Aires.<\/p>\n\n\n\n<p>Esa instancia permiti\u00f3 poner a prueba los instrumentos, entre ellos el Censo Digital y as\u00ed realizar los ajustes pertinentes.&nbsp; Durante ese fin de semana, se congregaron en G\u00e1lvez representantes de INDEC y de distintas Direcciones de Estad\u00edstica del pa\u00eds. Adem\u00e1s, se cont\u00f3 con la presencia del titular del organismo nacional de estad\u00edstica, Marco Lavagna quien realiz\u00f3 un seguimiento de las tareas que se estaban llevando a cabo junto al gobierno provincial.<\/p>\n","protected":false},"excerpt":{"rendered":"<p>El amplio dispositivo territorial dispuesto en el marco del Censo Nacional de Poblaci\u00f3n, Hogares y Viviendas 2022, tuvo un desempe\u00f1o exitoso en la provincia. El Operativo Censo Nacional 2022, que arrojar\u00e1 datos estad\u00edsticos sobre el n\u00famero de habitantes de la Argentina, las condiciones de infraestructura de sus viviendas, sus niveles educativos, la identidad de g\u00e9nero <a href=\"https:\/\/armstrongyregion.com.ar\/diario\/finalizo-el-operativo-censo-nacional-2022-en-la-provincia-de-santa-fe\/\" title=\"Read more\" >&#8230;<\/a><\/p>\n","protected":false},"author":1,"featured_media":34410,"comment_status":"open","ping_status":"open","sticky":false,"template":"","format":"image","meta":{"_jetpack_memberships_contains_paid_content":false,"footnotes":"","jetpack_publicize_message":"","jetpack_publicize_feature_enabled":true,"jetpack_social_post_already_shared":true,"jetpack_social_options":{"image_generator_settings":{"template":"highway","default_image_id":0,"enabled":false},"version":2}},"categories":[6,8,1,2,7,3],"tags":[],"class_list":["post-34409","post","type-post","status-publish","format-image","has-post-thumbnail","hentry","category-cultura-entretenimiento","category-deliberando","category-diario-armstrong","category-locales","category-politica","category-region","post_format-post-format-image"],"jetpack_publicize_connections":[],"jetpack_featured_media_url":"https:\/\/armstrongyregion.com.ar\/diario\/wp-content\/uploads\/2022\/05\/censo-pcia-18-05.jpg","jetpack_shortlink":"https:\/\/wp.me\/p62QDO-8WZ","jetpack_sharing_enabled":true,"amp_enabled":true,"_links":{"self":[{"href":"https:\/\/armstrongyregion.com.ar\/diario\/wp-json\/wp\/v2\/posts\/34409","targetHints":{"allow":["GET"]}}],"collection":[{"href":"https:\/\/armstrongyregion.com.ar\/diario\/wp-json\/wp\/v2\/posts"}],"about":[{"href":"https:\/\/armstrongyregion.com.ar\/diario\/wp-json\/wp\/v2\/types\/post"}],"author":[{"embeddable":true,"href":"https:\/\/armstrongyregion.com.ar\/diario\/wp-json\/wp\/v2\/users\/1"}],"replies":[{"embeddable":true,"href":"https:\/\/armstrongyregion.com.ar\/diario\/wp-json\/wp\/v2\/comments?post=34409"}],"version-history":[{"count":1,"href":"https:\/\/armstrongyregion.com.ar\/diario\/wp-json\/wp\/v2\/posts\/34409\/revisions"}],"predecessor-version":[{"id":34411,"href":"https:\/\/armstrongyregion.com.ar\/diario\/wp-json\/wp\/v2\/posts\/34409\/revisions\/34411"}],"wp:featuredmedia":[{"embeddable":true,"href":"https:\/\/armstrongyregion.com.ar\/diario\/wp-json\/wp\/v2\/media\/34410"}],"wp:attachment":[{"href":"https:\/\/armstrongyregion.com.ar\/diario\/wp-json\/wp\/v2\/media?parent=34409"}],"wp:term":[{"taxonomy":"category","embeddable":true,"href":"https:\/\/armstrongyregion.com.ar\/diario\/wp-json\/wp\/v2\/categories?post=34409"},{"taxonomy":"post_tag","embeddable":true,"href":"https:\/\/armstrongyregion.com.ar\/diario\/wp-json\/wp\/v2\/tags?post=34409"}],"curies":[{"name":"wp","href":"https:\/\/api.w.org\/{rel}","templated":true}]}}