{"id":34386,"date":"2022-05-18T01:47:44","date_gmt":"2022-05-18T01:47:44","guid":{"rendered":"https:\/\/armstrongyregion.com.ar\/diario\/?p=34386"},"modified":"2022-05-18T01:47:45","modified_gmt":"2022-05-18T01:47:45","slug":"covid-19-cuarta-ola-sin-internaciones-ni-cuadros-severos","status":"publish","type":"post","link":"https:\/\/armstrongyregion.com.ar\/diario\/covid-19-cuarta-ola-sin-internaciones-ni-cuadros-severos\/","title":{"rendered":"COVID-19: Cuarta ola sin internaciones ni cuadros severos."},"content":{"rendered":"\n<figure class=\"wp-block-image size-large\"><img loading=\"lazy\" decoding=\"async\" width=\"570\" height=\"320\" src=\"http:\/\/armstrongyregion.com.ar\/diario\/wp-content\/uploads\/2022\/05\/4ta-ola-.jpg\" alt=\"\" class=\"wp-image-34387\" srcset=\"https:\/\/armstrongyregion.com.ar\/diario\/wp-content\/uploads\/2022\/05\/4ta-ola-.jpg 570w, https:\/\/armstrongyregion.com.ar\/diario\/wp-content\/uploads\/2022\/05\/4ta-ola--300x168.jpg 300w\" sizes=\"auto, (max-width: 570px) 100vw, 570px\" \/><\/figure>\n\n\n\n<h2 class=\"wp-block-heading\"> As\u00ed lo expres\u00f3 el secretario de Salud, Jorge Prieto, quien destac\u00f3 la importancia del uso del barbijo y de la vacunaci\u00f3n, con un 87% de personas inoculadas con esquemas completos y la prevenci\u00f3n ante otros cuadros respiratorios. <\/h2>\n\n\n\n<p>Tal como se ha anunciado a nivel nacional, la provincia atraviesa la cuarta ola de Covid-19 con un aumento de casos. El secretario de Salud, Jorge Prieto, brind\u00f3 detalles de la vigilancia epidemiol\u00f3gica y los porcentajes de vacunaci\u00f3n en Santa Fe.<\/p>\n\n\n\n<p>\u201cTen\u00edamos previsto que con el oto\u00f1o e invierno iban a comenzar a incrementarse los casos, en especial con el comportamiento que tiene esta variante Omicron, que ha generado una alta transmisibilidad\u201d, explic\u00f3 Prieto.<\/p>\n\n\n\n<p>El secretario de Salud detall\u00f3 que \u201cestamos viendo el reflejo de lo que ocurre a nivel nacional. Todav\u00eda no lo vemos en la provincia, pero en las cuatro \u00faltimas semanas hay un incremento de casi 300% en el n\u00famero de casos, no llegamos a los 100 mil casos diarios que ten\u00edamos, pero ya superamos los 33 mil\u201d.<\/p>\n\n\n\n<p>Dicho esto, agreg\u00f3: \u201cLo importante a remarcar en esto es la situaci\u00f3n cl\u00ednica de los pacientes: no tenemos hospitalizaciones, ni tampoco formas severas, y esto tiene que ver con algo fundamental que es el alto porcentaje de vacunaci\u00f3n que tenemos en la provincia y, sobre todo, las medidas de prevenci\u00f3n\u201d.<\/p>\n\n\n\n<p>La provincia cuenta con una alta adhesi\u00f3n a la vacunaci\u00f3n y esto se demuestra en los porcentajes: \u201cContamos un 94% con primera dosis, el 87% con esquemas completos y un 65% en lo que respecta a 1ro y 2do refuerzo\u201d, argument\u00f3.<\/p>\n\n\n\n<p>En relaci\u00f3n al segundo refuerzo se realiz\u00f3 una priorizaci\u00f3n con la franja etaria de m\u00e1s 70 a\u00f1os con un esquema de turnos para la organizaci\u00f3n, pero a la fecha ya se est\u00e1n vacunando a los mayores de 50 y aquellos que se acercan a completar los esquemas previos (2da y 3er dosis). El secretario de Salud advirti\u00f3 la importancia de la inoculaci\u00f3n, ya que \u201cla inmunidad adquirida por la enfermedad no dura lo mismo que en las personas que fueron inoculadas, esto implica que tendr\u00e1n m\u00e1s defensas en el organismo\u201d.<\/p>\n\n\n\n<p><strong>CUADROS RESPIRATORIOS<\/strong><\/p>\n\n\n\n<p>La ocupaci\u00f3n de camas general est\u00e1 en un 50% a nivel provincial y a nivel nacional se estima un 41%. En este sentido, Prieto destac\u00f3 que las internaciones se producen por cuadros respiratorios y no por Covid. \u201cLo que estamos viendo es que las patolog\u00edas en ni\u00f1os y ni\u00f1as, por procesos respiratorios, dan un alto porcentaje, sumado a toda la patolog\u00eda cr\u00f3nica de la \u00e9poca, porque en este momento aparecen los procesos respiratorios como bronquitis, broncoelitis, que requieren internaci\u00f3n pero no tienen que ver con la patolog\u00eda Covid\u201d.<\/p>\n\n\n\n<p>\u201cPor eso estamos con este sistema de trabajo en red, la interrelaci\u00f3n entre el sistema p\u00fablico y el privado, para poder brindar una respuesta inmediata ante cualquier necesidad. No tenemos alta demanda por internaci\u00f3n Covid, pero s\u00ed de los otros procesos respiratorios, como otras patolog\u00edas, sobre todo en el Hospital de Ni\u00f1os de la ciudad de Santa Fe que brinda una cobertura regional\u201d, detall\u00f3.<\/p>\n\n\n\n<p><strong>EL USO DEL BARBIJO<\/strong><\/p>\n\n\n\n<p>Consultado sobre la utilizaci\u00f3n del barbijo, Prieto explic\u00f3 que \u201chay pa\u00edses que est\u00e1n recomendando nuevamente su uso. Esto tiene que ver con el alto porcentaje que se viene dando de esta variante y que sin duda vino para quedarse\u201d.<\/p>\n\n\n\n<p>No obstante aclar\u00f3 que en el pa\u00eds \u201ccreemos que no va a haber medidas extremas en esto, pero es un elemento que nos previene de un mont\u00f3n de procesos respiratorios infecciosos, fundamentalmente hasta que pase el invierno. Nada nos cuesta estar protegidos con una barrera m\u00e1s, adem\u00e1s de adherir a los esquemas completos de vacunaci\u00f3n con primer y segundo refuerzo\u201d, argument\u00f3 Prieto.<\/p>\n\n\n\n<p>El secretario de Salud recomend\u00f3 \u201cno relajarnos, realizar la renovaci\u00f3n de los ambientes, el uso de barbijos, fundamentalmente en los conglomerados y donde podamos hacer prevenci\u00f3n. Con el fr\u00edo que estamos pasando y la susceptibilidad que tenemos de padecer enfermedades respiratorias (luego de dos a\u00f1os de no padecerlas) es importante para seguir cuid\u00e1ndonos\u201d, destac\u00f3.<\/p>\n\n\n\n<p>En cuanto a la vacunaci\u00f3n antigripal se ha comenzado con personal de salud y personas priorizadas. \u201cHemos inoculado al 53% de la poblaci\u00f3n de m\u00e1s 65 a\u00f1os\u201d, finaliz\u00f3 Prieto.<\/p>\n","protected":false},"excerpt":{"rendered":"<p>As\u00ed lo expres\u00f3 el secretario de Salud, Jorge Prieto, quien destac\u00f3 la importancia del uso del barbijo y de la vacunaci\u00f3n, con un 87% de personas inoculadas con esquemas completos y la prevenci\u00f3n ante otros cuadros respiratorios. Tal como se ha anunciado a nivel nacional, la provincia atraviesa la cuarta ola de Covid-19 con un <a href=\"https:\/\/armstrongyregion.com.ar\/diario\/covid-19-cuarta-ola-sin-internaciones-ni-cuadros-severos\/\" title=\"Read more\" >&#8230;<\/a><\/p>\n","protected":false},"author":1,"featured_media":34387,"comment_status":"open","ping_status":"open","sticky":false,"template":"","format":"image","meta":{"_jetpack_memberships_contains_paid_content":false,"footnotes":"","jetpack_publicize_message":"","jetpack_publicize_feature_enabled":true,"jetpack_social_post_already_shared":true,"jetpack_social_options":{"image_generator_settings":{"template":"highway","default_image_id":0,"enabled":false},"version":2}},"categories":[8,1,2,7,3],"tags":[],"class_list":["post-34386","post","type-post","status-publish","format-image","has-post-thumbnail","hentry","category-deliberando","category-diario-armstrong","category-locales","category-politica","category-region","post_format-post-format-image"],"jetpack_publicize_connections":[],"jetpack_featured_media_url":"https:\/\/armstrongyregion.com.ar\/diario\/wp-content\/uploads\/2022\/05\/4ta-ola-.jpg","jetpack_shortlink":"https:\/\/wp.me\/p62QDO-8WC","jetpack_sharing_enabled":true,"amp_enabled":true,"_links":{"self":[{"href":"https:\/\/armstrongyregion.com.ar\/diario\/wp-json\/wp\/v2\/posts\/34386","targetHints":{"allow":["GET"]}}],"collection":[{"href":"https:\/\/armstrongyregion.com.ar\/diario\/wp-json\/wp\/v2\/posts"}],"about":[{"href":"https:\/\/armstrongyregion.com.ar\/diario\/wp-json\/wp\/v2\/types\/post"}],"author":[{"embeddable":true,"href":"https:\/\/armstrongyregion.com.ar\/diario\/wp-json\/wp\/v2\/users\/1"}],"replies":[{"embeddable":true,"href":"https:\/\/armstrongyregion.com.ar\/diario\/wp-json\/wp\/v2\/comments?post=34386"}],"version-history":[{"count":1,"href":"https:\/\/armstrongyregion.com.ar\/diario\/wp-json\/wp\/v2\/posts\/34386\/revisions"}],"predecessor-version":[{"id":34388,"href":"https:\/\/armstrongyregion.com.ar\/diario\/wp-json\/wp\/v2\/posts\/34386\/revisions\/34388"}],"wp:featuredmedia":[{"embeddable":true,"href":"https:\/\/armstrongyregion.com.ar\/diario\/wp-json\/wp\/v2\/media\/34387"}],"wp:attachment":[{"href":"https:\/\/armstrongyregion.com.ar\/diario\/wp-json\/wp\/v2\/media?parent=34386"}],"wp:term":[{"taxonomy":"category","embeddable":true,"href":"https:\/\/armstrongyregion.com.ar\/diario\/wp-json\/wp\/v2\/categories?post=34386"},{"taxonomy":"post_tag","embeddable":true,"href":"https:\/\/armstrongyregion.com.ar\/diario\/wp-json\/wp\/v2\/tags?post=34386"}],"curies":[{"name":"wp","href":"https:\/\/api.w.org\/{rel}","templated":true}]}}