{"id":34336,"date":"2022-05-13T01:15:49","date_gmt":"2022-05-13T01:15:49","guid":{"rendered":"https:\/\/armstrongyregion.com.ar\/diario\/?p=34336"},"modified":"2022-05-13T02:27:07","modified_gmt":"2022-05-13T02:27:07","slug":"gramigna-cuando-se-inauguro-el-sistema-de-monitoreo-el-intendente-no-nos-invito-en-ese-momento-fue-un-acto-mas-electoral-que-institucional","status":"publish","type":"post","link":"https:\/\/armstrongyregion.com.ar\/diario\/gramigna-cuando-se-inauguro-el-sistema-de-monitoreo-el-intendente-no-nos-invito-en-ese-momento-fue-un-acto-mas-electoral-que-institucional\/","title":{"rendered":"Gramigna: \u201cCuando se inaugur\u00f3 el sistema de monitoreo el intendente no nos invit\u00f3, en ese momento fue un acto m\u00e1s electoral que institucional\u201d"},"content":{"rendered":"\n<figure class=\"wp-block-image size-large\"><img loading=\"lazy\" decoding=\"async\" width=\"376\" height=\"349\" src=\"http:\/\/armstrongyregion.com.ar\/diario\/wp-content\/uploads\/2022\/05\/Emi-Gramigna-15-3-22.foto_.jpg\" alt=\"\" class=\"wp-image-34337\" srcset=\"https:\/\/armstrongyregion.com.ar\/diario\/wp-content\/uploads\/2022\/05\/Emi-Gramigna-15-3-22.foto_.jpg 376w, https:\/\/armstrongyregion.com.ar\/diario\/wp-content\/uploads\/2022\/05\/Emi-Gramigna-15-3-22.foto_-300x278.jpg 300w\" sizes=\"auto, (max-width: 376px) 100vw, 376px\" \/><\/figure>\n\n\n\n<p>  El concejal Gramigna, al termino de la sesi\u00f3n ordinaria del pasado martes, se expres\u00f3 a trav\u00e9s de los medios locales: \u201cNosotros presentamos hoy un pedido de informe sobre el sistema de monitoreo de la ciudad, como ya es de publico conocimiento, el pasado fin de semana hubo hechos delictivos en Armstrong y eso tambi\u00e9n hizo que surgiera el interrogante de como es el funcionamiento.  Sabemos que el monitoreo est\u00e1 activo las 24hs, de acuerdo a lo dicho por las autoridades locales, pero m\u00e1s all\u00e1 de eso, queremos realmente saber como se est\u00e1n realizando los protocolos para prevenir o sancionar delitos\u00bb. <\/p>\n\n\n\n<p>El edil agreg\u00f3: \u201cLa jefatura de Orden P\u00fablico nos invita a conocer las instalaciones del sistema de monitoreo, algo que de verdad nosotros lo vemos con muy buenos ojos de que se haga,  ya que cuando se inauguro el intendente no nos invit\u00f3, en ese momento fue un acto mas electoral que un acto institucional. Mas all\u00e1 de eso necesitamos saber como esta operando el sistema de video-vigilancia, como se act\u00faa ante determinada situaci\u00f3n, como son los protocolos para obtener las im\u00e1genes en un hecho ya consumado, como se esta trabajando sobre autos sospechosos, motos sospechosas, personas sospechosas, como se esta trabajando con la identificaci\u00f3n de patentes, como se esta articulando con las fuerzas policiales, no podemos hoy emitir una opini\u00f3n sin tener el informe. Vamos a esperar a tenerlo, vamos a ver como esta y en todo lo que este concejo pueda colaborar para mejorar la seguridad de la ciudad lo vamos a hacer, no queremos seguir viviendo las cosas que se vivieron el fin de semana, sabemos que no fue solamente en la ciudad, fue en toda la zona pero justamente eso hace que tengamos que plantearnos este interrogante para saber que tan eficiente hoy esta siendo el sistema de la ciudad\u00bb.<\/p>\n\n\n\n<p><strong>Balance sobre la sesi\u00f3n de comisi\u00f3n donde participaron la Secretaria de Gobierno Daniela P\u00e9rez, la Secretaria de Educaci\u00f3n Rosana Siri y el Director de Servicios P\u00fablicos Adri\u00e1n Santini.<\/strong><\/p>\n\n\n\n<p>Gramigna dijo:  \u00abFue una Reuni\u00f3n cordial donde se expusieron los temas. Desde nuestro bloque quer\u00edamos saber que plan se iba a aplicar en el parque Bracito Fuerte,  tema que trajo pol\u00e9mica pero que hay que hablar  con seriedad y  responsabilidad. Nosotros tambi\u00e9n le tenemos que dar respuestas a los vecinos como los integrantes de los otros bloques, los secretarios y los funcionarios municipales. Al evacuar todas las dudas que ten\u00edamos, aprovechamos esa situaci\u00f3n para charlar sobre otras tem\u00e1ticas\u00bb. <\/p>\n\n\n\n<p>\u00abSi se esta de acuerdo o no de como se esta procediendo es otra cosa, creo que cerramos ya con esta problem\u00e1tica, debemos seguir avanzando con temas que beneficien a nuestros vecinos. Uno puede estar de acuerdo o no con la impronta de una gesti\u00f3n pero hay que respetarla\u00bb. Finaliz\u00f3 el edil.<\/p>\n\n\n\n<p><\/p>\n","protected":false},"excerpt":{"rendered":"<p>El concejal Gramigna, al termino de la sesi\u00f3n ordinaria del pasado martes, se expres\u00f3 a trav\u00e9s de los medios locales: \u201cNosotros presentamos hoy un pedido de informe sobre el sistema de monitoreo de la ciudad, como ya es de publico conocimiento, el pasado fin de semana hubo hechos delictivos en Armstrong y eso tambi\u00e9n hizo <a href=\"https:\/\/armstrongyregion.com.ar\/diario\/gramigna-cuando-se-inauguro-el-sistema-de-monitoreo-el-intendente-no-nos-invito-en-ese-momento-fue-un-acto-mas-electoral-que-institucional\/\" title=\"Read more\" >&#8230;<\/a><\/p>\n","protected":false},"author":1,"featured_media":34337,"comment_status":"open","ping_status":"open","sticky":false,"template":"","format":"image","meta":{"_jetpack_memberships_contains_paid_content":false,"footnotes":"","jetpack_publicize_message":"","jetpack_publicize_feature_enabled":true,"jetpack_social_post_already_shared":true,"jetpack_social_options":{"image_generator_settings":{"template":"highway","default_image_id":0,"enabled":false},"version":2}},"categories":[8,1,2,7],"tags":[],"class_list":["post-34336","post","type-post","status-publish","format-image","has-post-thumbnail","hentry","category-deliberando","category-diario-armstrong","category-locales","category-politica","post_format-post-format-image"],"jetpack_publicize_connections":[],"jetpack_featured_media_url":"https:\/\/armstrongyregion.com.ar\/diario\/wp-content\/uploads\/2022\/05\/Emi-Gramigna-15-3-22.foto_.jpg","jetpack_shortlink":"https:\/\/wp.me\/p62QDO-8VO","jetpack_sharing_enabled":true,"amp_enabled":true,"_links":{"self":[{"href":"https:\/\/armstrongyregion.com.ar\/diario\/wp-json\/wp\/v2\/posts\/34336","targetHints":{"allow":["GET"]}}],"collection":[{"href":"https:\/\/armstrongyregion.com.ar\/diario\/wp-json\/wp\/v2\/posts"}],"about":[{"href":"https:\/\/armstrongyregion.com.ar\/diario\/wp-json\/wp\/v2\/types\/post"}],"author":[{"embeddable":true,"href":"https:\/\/armstrongyregion.com.ar\/diario\/wp-json\/wp\/v2\/users\/1"}],"replies":[{"embeddable":true,"href":"https:\/\/armstrongyregion.com.ar\/diario\/wp-json\/wp\/v2\/comments?post=34336"}],"version-history":[{"count":3,"href":"https:\/\/armstrongyregion.com.ar\/diario\/wp-json\/wp\/v2\/posts\/34336\/revisions"}],"predecessor-version":[{"id":34340,"href":"https:\/\/armstrongyregion.com.ar\/diario\/wp-json\/wp\/v2\/posts\/34336\/revisions\/34340"}],"wp:featuredmedia":[{"embeddable":true,"href":"https:\/\/armstrongyregion.com.ar\/diario\/wp-json\/wp\/v2\/media\/34337"}],"wp:attachment":[{"href":"https:\/\/armstrongyregion.com.ar\/diario\/wp-json\/wp\/v2\/media?parent=34336"}],"wp:term":[{"taxonomy":"category","embeddable":true,"href":"https:\/\/armstrongyregion.com.ar\/diario\/wp-json\/wp\/v2\/categories?post=34336"},{"taxonomy":"post_tag","embeddable":true,"href":"https:\/\/armstrongyregion.com.ar\/diario\/wp-json\/wp\/v2\/tags?post=34336"}],"curies":[{"name":"wp","href":"https:\/\/api.w.org\/{rel}","templated":true}]}}