{"id":3430,"date":"2015-08-05T15:11:30","date_gmt":"2015-08-05T15:11:30","guid":{"rendered":"https:\/\/armstrongyregion.com.ar\/diario\/?p=3430"},"modified":"2015-08-05T15:11:30","modified_gmt":"2015-08-05T15:11:30","slug":"perotti-el-domingo-comenzamos-a-transitar-el-camino-hacia-la-victoria","status":"publish","type":"post","link":"https:\/\/armstrongyregion.com.ar\/diario\/perotti-el-domingo-comenzamos-a-transitar-el-camino-hacia-la-victoria\/","title":{"rendered":"Perotti: \u201cEl domingo comenzamos a transitar el camino hacia la Victoria\u00bb"},"content":{"rendered":"<p><a href=\"http:\/\/armstrongyregion.com.ar\/diario\/wp-content\/uploads\/2015\/08\/SciSFe3-11.jpg\"><img loading=\"lazy\" decoding=\"async\" class=\"alignnone size-medium wp-image-3432\" src=\"http:\/\/armstrongyregion.com.ar\/diario\/wp-content\/uploads\/2015\/08\/SciSFe3-11-300x176.jpg\" alt=\"Scioli-Perotti-Armstrong-y-Region\" width=\"300\" height=\"176\" srcset=\"https:\/\/armstrongyregion.com.ar\/diario\/wp-content\/uploads\/2015\/08\/SciSFe3-11-300x176.jpg 300w, https:\/\/armstrongyregion.com.ar\/diario\/wp-content\/uploads\/2015\/08\/SciSFe3-11.jpg 768w\" sizes=\"auto, (max-width: 300px) 100vw, 300px\" \/><\/a>Daniel Scioli, quien lleg\u00f3 acompa\u00f1ado de su compa\u00f1ero de f\u00f3rmula, Carlos Zannini, eligi\u00f3 a Santa Fe como la \u00faltima provincia a visitar previo a las elecciones primarias del pr\u00f3ximo domingo.<br \/>\nEn contacto con la prensa, Perotti agradeci\u00f3 la presencia del gobernador de Buenos Aires y destac\u00f3 que la actividad de cierre de campa\u00f1a con miras a las primarias del pr\u00f3ximo domingo en territorio santafesino se haya programado en ese lugar \u201cque hasta hace poco era un bald\u00edo, no ten\u00eda la ocupaci\u00f3n, los galpones, f\u00e1bricas y trabajadores que tiene ahora\u201d.<br \/>\nDe la actividad, tambi\u00e9n particip\u00f3 Mar\u00eda de los \u00c1ngeles Sacnun, que acompa\u00f1a a Perotti en la lista de senadores y todos los aspirantes a diputados nacionales; Marcos Cleri, Silvina Frana, Alejandro Ramos, Lucila De Ponti, Claudio Tessini, Jorgelina Basano, Norberto Ruscitti, Jorgelina Mudallel, Gisela Wild, Gast\u00f3n Alfredo Seguetti.<br \/>\nAdem\u00e1s, Perotti resalt\u00f3 que \u201cel pr\u00f3ximo domingo estaremos dando el primer paso en el camino hacia la Victoria, la de la nueva etapa de la Argentina, la del desarrollo en la que Santa Fe tiene reservado un lugar de privilegio\u201d.<br \/>\nPor su parte Daniel Scioli les pidi\u00f3 a los trabajadores, a la clase media, a los independientes y a los j\u00f3venes que voten por lo que \u00abser\u00e1 la victoria de la industria nacional y de m\u00e1s parques industriales\u00bb.<br \/>\n\u00abTenemos que integrar cada vez m\u00e1s el sistema financiero, tambi\u00e9n con responsabilidad social, desde la banca p\u00fablica y desde la banca privada\u00bb, subray\u00f3 Scioli y manifest\u00f3 su intenci\u00f3n de que en cada parque industrial se avance \u00aben una escuela de oficios y tambi\u00e9n con una delegaci\u00f3n del Banco Provincia, que hoy es un banco de desarrollo, de las pymes, de los microcr\u00e9ditos\u00bb.<br \/>\nAcompa\u00f1ados por empresarios, Perotti y Scioli recorrieron el Instituto de Formaci\u00f3n T\u00e9cnica \u00abManuel Belgrano\u00bb que funciona en las inmediaciones del Parque Industrial, y visitaron la empresa CINTER, junto a su gerente comercial, Juan Carlos Vincenzini, directivos y cerca de 120 operarios.<\/p>\n","protected":false},"excerpt":{"rendered":"<p>Daniel Scioli, quien lleg\u00f3 acompa\u00f1ado de su compa\u00f1ero de f\u00f3rmula, Carlos Zannini, eligi\u00f3 a Santa Fe como la \u00faltima provincia a visitar previo a las elecciones primarias del pr\u00f3ximo domingo. En contacto con la prensa, Perotti agradeci\u00f3 la presencia del gobernador de Buenos Aires y destac\u00f3 que la actividad de cierre de campa\u00f1a con miras <a href=\"https:\/\/armstrongyregion.com.ar\/diario\/perotti-el-domingo-comenzamos-a-transitar-el-camino-hacia-la-victoria\/\" title=\"Read more\" >&#8230;<\/a><\/p>\n","protected":false},"author":2,"featured_media":3432,"comment_status":"open","ping_status":"open","sticky":false,"template":"","format":"standard","meta":{"_jetpack_memberships_contains_paid_content":false,"footnotes":"","jetpack_publicize_message":"","jetpack_publicize_feature_enabled":true,"jetpack_social_post_already_shared":false,"jetpack_social_options":{"image_generator_settings":{"template":"highway","default_image_id":0,"enabled":false},"version":2}},"categories":[1,7,3],"tags":[33,2453,2451,1467,16,1534,31,1409,2452,887],"class_list":["post-3430","post","type-post","status-publish","format-standard","has-post-thumbnail","hentry","category-diario-armstrong","category-politica","category-region","tag-a","tag-camino","tag-comenzamos","tag-domingo","tag-el","tag-hacia","tag-la","tag-perotti","tag-transitar","tag-victoria"],"jetpack_publicize_connections":[],"jetpack_featured_media_url":"https:\/\/armstrongyregion.com.ar\/diario\/wp-content\/uploads\/2015\/08\/SciSFe3-11.jpg","jetpack_shortlink":"https:\/\/wp.me\/p62QDO-Tk","jetpack_sharing_enabled":true,"amp_enabled":true,"_links":{"self":[{"href":"https:\/\/armstrongyregion.com.ar\/diario\/wp-json\/wp\/v2\/posts\/3430","targetHints":{"allow":["GET"]}}],"collection":[{"href":"https:\/\/armstrongyregion.com.ar\/diario\/wp-json\/wp\/v2\/posts"}],"about":[{"href":"https:\/\/armstrongyregion.com.ar\/diario\/wp-json\/wp\/v2\/types\/post"}],"author":[{"embeddable":true,"href":"https:\/\/armstrongyregion.com.ar\/diario\/wp-json\/wp\/v2\/users\/2"}],"replies":[{"embeddable":true,"href":"https:\/\/armstrongyregion.com.ar\/diario\/wp-json\/wp\/v2\/comments?post=3430"}],"version-history":[{"count":0,"href":"https:\/\/armstrongyregion.com.ar\/diario\/wp-json\/wp\/v2\/posts\/3430\/revisions"}],"wp:featuredmedia":[{"embeddable":true,"href":"https:\/\/armstrongyregion.com.ar\/diario\/wp-json\/wp\/v2\/media\/3432"}],"wp:attachment":[{"href":"https:\/\/armstrongyregion.com.ar\/diario\/wp-json\/wp\/v2\/media?parent=3430"}],"wp:term":[{"taxonomy":"category","embeddable":true,"href":"https:\/\/armstrongyregion.com.ar\/diario\/wp-json\/wp\/v2\/categories?post=3430"},{"taxonomy":"post_tag","embeddable":true,"href":"https:\/\/armstrongyregion.com.ar\/diario\/wp-json\/wp\/v2\/tags?post=3430"}],"curies":[{"name":"wp","href":"https:\/\/api.w.org\/{rel}","templated":true}]}}