{"id":34272,"date":"2022-05-08T19:29:03","date_gmt":"2022-05-08T19:29:03","guid":{"rendered":"https:\/\/armstrongyregion.com.ar\/diario\/?p=34272"},"modified":"2022-05-08T19:29:04","modified_gmt":"2022-05-08T19:29:04","slug":"el-socialismo-santafesino-unido-se-abrio-al-debate-y-proyecta-volver-al-gobierno-en-2023","status":"publish","type":"post","link":"https:\/\/armstrongyregion.com.ar\/diario\/el-socialismo-santafesino-unido-se-abrio-al-debate-y-proyecta-volver-al-gobierno-en-2023\/","title":{"rendered":"\u00abEl socialismo santafesino unido, se abri\u00f3 al debate y proyecta volver al gobierno en 2023\u00bb."},"content":{"rendered":"\n<figure class=\"wp-block-image size-large\"><img loading=\"lazy\" decoding=\"async\" width=\"800\" height=\"360\" src=\"http:\/\/armstrongyregion.com.ar\/diario\/wp-content\/uploads\/2022\/05\/congreso-socialistas.jpg\" alt=\"\" class=\"wp-image-34273\" srcset=\"https:\/\/armstrongyregion.com.ar\/diario\/wp-content\/uploads\/2022\/05\/congreso-socialistas.jpg 800w, https:\/\/armstrongyregion.com.ar\/diario\/wp-content\/uploads\/2022\/05\/congreso-socialistas-300x135.jpg 300w, https:\/\/armstrongyregion.com.ar\/diario\/wp-content\/uploads\/2022\/05\/congreso-socialistas-768x346.jpg 768w\" sizes=\"auto, (max-width: 800px) 100vw, 800px\" \/><\/figure>\n\n\n\n<p>\n\nEl XII Congreso Extraordinario se desarroll\u00f3 en un s\u00f3lido marco de m\u00e1s de 1000 congresales. El partido de la rosa lanz\u00f3 cr\u00edticas a los \u00faltimos gobiernos nacionales y a la actual gesti\u00f3n provincial. Fuerte impulso a la reforma de la Constituci\u00f3n de Santa Fe._<br>El Partido Socialista de Santa Fe celebr\u00f3 su XII Congreso Extraordinario en un s\u00f3lido marco de unidad que se plasm\u00f3 en una serie de modificaciones de la carta org\u00e1nica aprobadas por unanimidad, as\u00ed como tambi\u00e9n en el documento final del encuentro, que reafirm\u00f3 la necesidad de la reforma de la Constituci\u00f3n provincial. Hubo fuertes cr\u00edticas hacia la administraci\u00f3n provincial, y a los \u00faltimos gobiernos nacionales.&nbsp;<br>M\u00f3nica Fein, diputada nacional y presidenta del Partido Socialista de Argentina rescat\u00f3 el socialismo se re\u00fane \u201cpara mejorar nuestra organizaci\u00f3n pol\u00edtica, y para encontrar la mejor manera de construir con la gente los caminos de la transformaci\u00f3n\u201d.&nbsp;<br>La ex intendenta de Rosario tambi\u00e9n entusiasm\u00f3 a los asistentes a \u201cmostrar qui\u00e9nes somos, la responsabilidad con que hemos gobernado. Nadie en Santa Fe puede pensar el futuro sin el socialismo. Vamos a debatir ideas en cada rinc\u00f3n de la provincia y en las pr\u00f3ximas elecciones vamos a ir con nuestras propias propuestas para avanzar hacia una sociedad inclusiva, sustentable, diversa, con perspectiva de g\u00e9nero\u201d, afirm\u00f3.<br>El ex gobernador Antonio Bonfatti, en tanto, puso de relieve las modificaciones de la carta org\u00e1nica aprobadas durante el congreso. \u201cCelebramos la posibilidad de encontrarnos y debatir a partir de nuestros valores y nuestros ideales; de discutir propuestas, que son la base de nuestra acci\u00f3n pol\u00edtica, y no esl\u00f3ganes vac\u00edos\u201d.&nbsp;<br>A su turno, la diputada provincial Clara Garc\u00eda lanz\u00f3 una fuerte cr\u00edtica sobre la gesti\u00f3n provincial. \u201cEste gobernador lleg\u00f3 con un slogan vac\u00edo, sin programa y sin equipos, y la cara m\u00e1s dura de su incapacidad es la violencia y la inseguridad que no paran de crecer en Santa Fe\u201d. Y agreg\u00f3: \u201cEs tanta la decepci\u00f3n, es tanto el fracaso de este gobierno, que nos va a tocar una tarea de reconstrucci\u00f3n muy fuerte y abordar realidades que no estaban y que duelen: la familia que no llega a fin de mes; el ni\u00f1o o ni\u00f1a cuya escuela baj\u00f3 de calidad; el centro de salud que se qued\u00f3 sin elementos ni estrategia; las pymes que est\u00e1n solas y con dificultades. Hermes (Binner) y Miguel (Lifschitz) nos dejaron una antorcha; mantengamos ese fuego\u201d, convoc\u00f3 para finalizar.<br>Tambi\u00e9n el intendente de Santa Fe, Emilio Jat\u00f3n, rescat\u00f3 \u201cdemocracia partidaria del socialismo y la discusi\u00f3n de ideas\u201d, y equipar\u00f3 el debate con su gesti\u00f3n en la capital provincial donde \u201cconstruimos las decisiones de manera colectiva porque as\u00ed hay un consenso sobre lo que va a pasar. Vamos los barrios y escuchamos, y mucho de la agenda que hoy tenemos est\u00e1 construido en base a esas necesidades. As\u00ed es como buscamos garantizar el derecho a la ciudad y corregir desequilibrios. Esos son nuestros valores y en 2023 este partido va a seguir discutiendo ideales y propuestas, historia y futuro\u201d.<br>Enrique Est\u00e9vez, diputado nacional y presidente de la fuerza a nivel provincial, puso de relieve la \u201cunidad\u201d que prim\u00f3 en el encuentro a la vez que tuvo un mensaje hacia el futuro: \u201cVenimos de atravesar momentos dif\u00edciles y el mundo est\u00e1 hoy particularmente dif\u00edcil. Pero nuestro tiempo es hoy y si nos preparamos, estudiamos y planificamos vamos a volver a gobernar la provincia de Santa Fe\u201d, sostuvo.&nbsp;<br>Luego hizo foco en los gobiernos locales: \u201cAl igual que este congreso, que organizamos de manera colectiva y de abajo hacia arriba, valoramos a los gobiernos locales en los pueblos y ciudades que gobernamos porque ah\u00ed est\u00e1n las experiencias m\u00e1s importantes de este momento. En medio de muchas dificultades, vemos c\u00f3mo se pueden encontrar soluciones; nunca desde un despacho, siempre con la participaci\u00f3n de la gente, que es la \u00fanica manera de producir transformaciones de fondo\u201d, afirm\u00f3.<br>Hicieron tambi\u00e9n uso de la palabra la secretaria adjunta del PS, Laura Mondino, el secretario general de la Juventud Socialista, Leandro Aufranc, y Karina Zeballos, por el sector interno Bases. Entre las autoridades presentes estuvieron el presidente de la C\u00e1mara de Diputadas y Diputados de Santa Fe, Pablo Far\u00edas; y los integrantes del Bloque Socialista; y el intendente de Villa Gobernador G\u00e1lvez, Alberto Ricci, entre otros.<br>*Homenaje y reformas a la carta org\u00e1nica*El XII Congreso Extraordinario provincial design\u00f3 como presidentes honorarios de las sesiones desarrolladas en el gimnasio de la Universidad Tecnol\u00f3gica de Santa Fe a Hermes Binner y Miguel Lifschitz, fallecidos en 2020 y 2021, respectivamente. Dentro de las decisiones tomadas por el cuerpo de congresales, sobresali\u00f3 la modificaci\u00f3n por unanimidad de la Carta Org\u00e1nica partidaria, que no sufr\u00eda cambios desde el a\u00f1o 2002. Entre las modificaciones introducidas se establecieron la paridad de g\u00e9nero en todos los \u00f3rganos partidarios, la representaci\u00f3n plena de la Juventud Socialista y el Movimiento Nacional Reformista en todas las instancias partidarias; la creaci\u00f3n de 19 mesas departamentales y mesas locales; y la creaci\u00f3n del Foro de Autoridades Locales y de la Escuela de Formaci\u00f3n Pol\u00edtica.\n\n<\/p>\n","protected":false},"excerpt":{"rendered":"<p>El XII Congreso Extraordinario se desarroll\u00f3 en un s\u00f3lido marco de m\u00e1s de 1000 congresales. El partido de la rosa lanz\u00f3 cr\u00edticas a los \u00faltimos gobiernos nacionales y a la actual gesti\u00f3n provincial. Fuerte impulso a la reforma de la Constituci\u00f3n de Santa Fe._El Partido Socialista de Santa Fe celebr\u00f3 su XII Congreso Extraordinario en <a href=\"https:\/\/armstrongyregion.com.ar\/diario\/el-socialismo-santafesino-unido-se-abrio-al-debate-y-proyecta-volver-al-gobierno-en-2023\/\" title=\"Read more\" >&#8230;<\/a><\/p>\n","protected":false},"author":1,"featured_media":34273,"comment_status":"open","ping_status":"open","sticky":false,"template":"","format":"image","meta":{"_jetpack_memberships_contains_paid_content":false,"footnotes":"","jetpack_publicize_message":"","jetpack_publicize_feature_enabled":true,"jetpack_social_post_already_shared":true,"jetpack_social_options":{"image_generator_settings":{"template":"highway","default_image_id":0,"enabled":false},"version":2}},"categories":[8,1,2,7,3],"tags":[],"class_list":["post-34272","post","type-post","status-publish","format-image","has-post-thumbnail","hentry","category-deliberando","category-diario-armstrong","category-locales","category-politica","category-region","post_format-post-format-image"],"jetpack_publicize_connections":[],"jetpack_featured_media_url":"https:\/\/armstrongyregion.com.ar\/diario\/wp-content\/uploads\/2022\/05\/congreso-socialistas.jpg","jetpack_shortlink":"https:\/\/wp.me\/p62QDO-8UM","jetpack_sharing_enabled":true,"amp_enabled":true,"_links":{"self":[{"href":"https:\/\/armstrongyregion.com.ar\/diario\/wp-json\/wp\/v2\/posts\/34272","targetHints":{"allow":["GET"]}}],"collection":[{"href":"https:\/\/armstrongyregion.com.ar\/diario\/wp-json\/wp\/v2\/posts"}],"about":[{"href":"https:\/\/armstrongyregion.com.ar\/diario\/wp-json\/wp\/v2\/types\/post"}],"author":[{"embeddable":true,"href":"https:\/\/armstrongyregion.com.ar\/diario\/wp-json\/wp\/v2\/users\/1"}],"replies":[{"embeddable":true,"href":"https:\/\/armstrongyregion.com.ar\/diario\/wp-json\/wp\/v2\/comments?post=34272"}],"version-history":[{"count":1,"href":"https:\/\/armstrongyregion.com.ar\/diario\/wp-json\/wp\/v2\/posts\/34272\/revisions"}],"predecessor-version":[{"id":34274,"href":"https:\/\/armstrongyregion.com.ar\/diario\/wp-json\/wp\/v2\/posts\/34272\/revisions\/34274"}],"wp:featuredmedia":[{"embeddable":true,"href":"https:\/\/armstrongyregion.com.ar\/diario\/wp-json\/wp\/v2\/media\/34273"}],"wp:attachment":[{"href":"https:\/\/armstrongyregion.com.ar\/diario\/wp-json\/wp\/v2\/media?parent=34272"}],"wp:term":[{"taxonomy":"category","embeddable":true,"href":"https:\/\/armstrongyregion.com.ar\/diario\/wp-json\/wp\/v2\/categories?post=34272"},{"taxonomy":"post_tag","embeddable":true,"href":"https:\/\/armstrongyregion.com.ar\/diario\/wp-json\/wp\/v2\/tags?post=34272"}],"curies":[{"name":"wp","href":"https:\/\/api.w.org\/{rel}","templated":true}]}}