{"id":34269,"date":"2022-05-08T19:25:11","date_gmt":"2022-05-08T19:25:11","guid":{"rendered":"https:\/\/armstrongyregion.com.ar\/diario\/?p=34269"},"modified":"2022-05-08T19:25:13","modified_gmt":"2022-05-08T19:25:13","slug":"la-ucr-sera-protagonista-del-cambio-en-santa-fe-y-el-pais","status":"publish","type":"post","link":"https:\/\/armstrongyregion.com.ar\/diario\/la-ucr-sera-protagonista-del-cambio-en-santa-fe-y-el-pais\/","title":{"rendered":"La UCR ser\u00e1 protagonista del cambio en Santa Fe y el pa\u00eds."},"content":{"rendered":"\n<figure class=\"wp-block-image size-large\"><img loading=\"lazy\" decoding=\"async\" width=\"512\" height=\"384\" src=\"http:\/\/armstrongyregion.com.ar\/diario\/wp-content\/uploads\/2022\/05\/pulla-evolucion-1-.jpg\" alt=\"\" class=\"wp-image-34270\" srcset=\"https:\/\/armstrongyregion.com.ar\/diario\/wp-content\/uploads\/2022\/05\/pulla-evolucion-1-.jpg 512w, https:\/\/armstrongyregion.com.ar\/diario\/wp-content\/uploads\/2022\/05\/pulla-evolucion-1--300x225.jpg 300w\" sizes=\"auto, (max-width: 512px) 100vw, 512px\" \/><\/figure>\n\n\n\n<p>\n\nEvoluci\u00f3n Radical, el espacio pol\u00edtico liderado por Mart\u00edn Lousteau y cuyo referente en Santa Fe es Maximiliano Pullaro, tuvo su primer encuentro nacional en Santa Fe como demostraci\u00f3n de respaldo al radicalismo local y para seguir fortaleciendo Juntos por el Cambio. \u201cEste es el marco ideal para demostrar que es posible un futuro diferente para la provincia de Santa Fe y para la Rep\u00fablica Argentina\u201d, se anim\u00f3 Pullaro, refiri\u00e9ndose a los miles de militantes que se congregaron.<br>La apertura del panel de presentaci\u00f3n estuvo a cargo del flamante presidente de la Uni\u00f3n C\u00edvica Radical a nivel provincial, el Senador Felipe Michlig, quien sostuvo un tono euf\u00f3rico y militante para entusiasmar a las m\u00e1s de tres mil personas que se dieron cita en el Camping de UPCN de la costa santafesina. \u201cVamos a militar por las ideas, vamos a trabajar como nos ense\u00f1\u00f3 Ra\u00fal Alfons\u00edn, para darle a los argentinos el gobierno que se merece, y en Santa Fe con Maxi Pullaro, para recuperar la capacidad de gesti\u00f3n que los santafesinos necesitamos\u201d, dijo Michlig.<br>Al momento de tomar la palabra el orador principal del encuentro, el senador nacional por CABA, Mart\u00edn Lousteau, asegur\u00f3 que \u201cArgentina es un pa\u00eds trabado, inm\u00f3vil, por eso necesitamos evolucionar en la forma de hacer pol\u00edtica y ejercer los cargos p\u00fablicos. Hay que poner en movimiento al pa\u00eds.\u201d<br>\u201cEstamos construyendo una alternativa de gobierno en Santa Fe y en el pa\u00eds. Una alternativa donde el radicalismo sea protagonista, donde se aborden cada uno de los problemas de la Argentina y Santa Fe con la seriedad que tienen. Un proyecto de gesti\u00f3n federal, nacional y provincial con respuestas a la gente\u201d, se\u00f1al\u00f3 Pullaro.&nbsp;&nbsp;<br>Rodrigo de Loredo, otro de los participantes en el escenario, se refiri\u00f3 al futuro de la UCR al se\u00f1alar que: \u201cEvoluci\u00f3n tiene la responsabilidad moral de ofrecerle al radicalismo primero y a Juntos por el Cambio despu\u00e9s, la propuesta de cambio, de modernizaci\u00f3n, de abordaje de las nuevas agendas contempor\u00e1neas y de demostrar que en la Argentina no hay m\u00e1s margen para la improvisaci\u00f3n\u201d.&nbsp;<br>*La agenda de g\u00e9nero*<br>En un momento del discurso Lousteau se refiri\u00f3 a la paridad de g\u00e9nero y la lucha de las mujeres por la igualdad. \u201cLa agenda de g\u00e9nero, no es una cuesti\u00f3n de mujeres, es una agenda que debe ser tomada por cada uno de los dirigentes y legisladores de la Uni\u00f3n C\u00edvica Radical\u201d, asever\u00f3 lo que despert\u00f3 uno de los tantos aplausos de la jornada.&nbsp; &nbsp;El encuentro se cerr\u00f3 con paneles sobre Seguridad, Educaci\u00f3n, Econom\u00eda, Modernizaci\u00f3n del Estado, Justicia, Agroindustria, Energ\u00eda, Medio Ambiente y Desarrollo local.\n\n<\/p>\n","protected":false},"excerpt":{"rendered":"<p>Evoluci\u00f3n Radical, el espacio pol\u00edtico liderado por Mart\u00edn Lousteau y cuyo referente en Santa Fe es Maximiliano Pullaro, tuvo su primer encuentro nacional en Santa Fe como demostraci\u00f3n de respaldo al radicalismo local y para seguir fortaleciendo Juntos por el Cambio. \u201cEste es el marco ideal para demostrar que es posible un futuro diferente para <a href=\"https:\/\/armstrongyregion.com.ar\/diario\/la-ucr-sera-protagonista-del-cambio-en-santa-fe-y-el-pais\/\" title=\"Read more\" >&#8230;<\/a><\/p>\n","protected":false},"author":1,"featured_media":34270,"comment_status":"open","ping_status":"open","sticky":false,"template":"","format":"image","meta":{"_jetpack_memberships_contains_paid_content":false,"footnotes":"","jetpack_publicize_message":"","jetpack_publicize_feature_enabled":true,"jetpack_social_post_already_shared":true,"jetpack_social_options":{"image_generator_settings":{"template":"highway","default_image_id":0,"enabled":false},"version":2}},"categories":[8,1,2,7,3],"tags":[],"class_list":["post-34269","post","type-post","status-publish","format-image","has-post-thumbnail","hentry","category-deliberando","category-diario-armstrong","category-locales","category-politica","category-region","post_format-post-format-image"],"jetpack_publicize_connections":[],"jetpack_featured_media_url":"https:\/\/armstrongyregion.com.ar\/diario\/wp-content\/uploads\/2022\/05\/pulla-evolucion-1-.jpg","jetpack_shortlink":"https:\/\/wp.me\/p62QDO-8UJ","jetpack_sharing_enabled":true,"amp_enabled":true,"_links":{"self":[{"href":"https:\/\/armstrongyregion.com.ar\/diario\/wp-json\/wp\/v2\/posts\/34269","targetHints":{"allow":["GET"]}}],"collection":[{"href":"https:\/\/armstrongyregion.com.ar\/diario\/wp-json\/wp\/v2\/posts"}],"about":[{"href":"https:\/\/armstrongyregion.com.ar\/diario\/wp-json\/wp\/v2\/types\/post"}],"author":[{"embeddable":true,"href":"https:\/\/armstrongyregion.com.ar\/diario\/wp-json\/wp\/v2\/users\/1"}],"replies":[{"embeddable":true,"href":"https:\/\/armstrongyregion.com.ar\/diario\/wp-json\/wp\/v2\/comments?post=34269"}],"version-history":[{"count":1,"href":"https:\/\/armstrongyregion.com.ar\/diario\/wp-json\/wp\/v2\/posts\/34269\/revisions"}],"predecessor-version":[{"id":34271,"href":"https:\/\/armstrongyregion.com.ar\/diario\/wp-json\/wp\/v2\/posts\/34269\/revisions\/34271"}],"wp:featuredmedia":[{"embeddable":true,"href":"https:\/\/armstrongyregion.com.ar\/diario\/wp-json\/wp\/v2\/media\/34270"}],"wp:attachment":[{"href":"https:\/\/armstrongyregion.com.ar\/diario\/wp-json\/wp\/v2\/media?parent=34269"}],"wp:term":[{"taxonomy":"category","embeddable":true,"href":"https:\/\/armstrongyregion.com.ar\/diario\/wp-json\/wp\/v2\/categories?post=34269"},{"taxonomy":"post_tag","embeddable":true,"href":"https:\/\/armstrongyregion.com.ar\/diario\/wp-json\/wp\/v2\/tags?post=34269"}],"curies":[{"name":"wp","href":"https:\/\/api.w.org\/{rel}","templated":true}]}}