{"id":34260,"date":"2022-05-07T17:05:25","date_gmt":"2022-05-07T17:05:25","guid":{"rendered":"https:\/\/armstrongyregion.com.ar\/diario\/?p=34260"},"modified":"2022-05-07T17:05:26","modified_gmt":"2022-05-07T17:05:26","slug":"la-provincia-continua-firmando-convenios-para-areas-de-igualdad-genero-y-diversidad-con-municipios-y-comunas","status":"publish","type":"post","link":"https:\/\/armstrongyregion.com.ar\/diario\/la-provincia-continua-firmando-convenios-para-areas-de-igualdad-genero-y-diversidad-con-municipios-y-comunas\/","title":{"rendered":"La provincia contin\u00faa firmando convenios para \u00e1reas de Igualdad, G\u00e9nero y Diversidad con municipios y comunas."},"content":{"rendered":"\n<figure class=\"wp-block-image size-large\"><img loading=\"lazy\" decoding=\"async\" width=\"570\" height=\"320\" src=\"http:\/\/armstrongyregion.com.ar\/diario\/wp-content\/uploads\/2022\/05\/genero-compag.jpg\" alt=\"\" class=\"wp-image-34261\" srcset=\"https:\/\/armstrongyregion.com.ar\/diario\/wp-content\/uploads\/2022\/05\/genero-compag.jpg 570w, https:\/\/armstrongyregion.com.ar\/diario\/wp-content\/uploads\/2022\/05\/genero-compag-300x168.jpg 300w\" sizes=\"auto, (max-width: 570px) 100vw, 570px\" \/><\/figure>\n\n\n\n<h2 class=\"wp-block-heading\"> Con actos realizados en Las Parejas y San Jorge, se suscribieron convenios con localidades de los departamentos Belgrano y San Mart\u00edn. <\/h2>\n\n\n\n<p>\n\nEl Gobierno de Santa Fe, a trav\u00e9s del Ministerio de Igualdad, G\u00e9nero y Diversidad, suscribi\u00f3 convenios de fortalecimiento y\/o creaci\u00f3n de \u00e1reas locales de Igualdad, G\u00e9nero y Diversidad con localidades de los departamentos Belgrano y San Mart\u00edn.<\/p>\n\n\n\n<p>Las actividades tuvieron lugar en Las Parejas y San Jorge, este jueves y viernes respectivamente. En Las Parejas se firmaron convenios con las localidades de Bouquet, Montes de Oca, Tortugas y Armstrong. Por su parte, en San Jorge se rubricaron con: San Mart\u00edn de las Escobas, Casas, Colonia Belgrano, El Tr\u00e9bol, Las Petacas, Los Cardos, Mar\u00eda Susana, Piamonte y Sastre. Cabe destacar que la firma de convenios con las localidades de esta zona continuar\u00e1n en los pr\u00f3ximos d\u00edas.<\/p>\n\n\n\n<p>Los actos fueron encabezados por la ministra de Igualdad, G\u00e9nero y Diversidad, Florencia Marinaro y los intendentes de las ciudades anfitrionas: Horacio Compagnucci de Las Parejas y Enrique Luis Marucci de San Jorge. Acompa\u00f1\u00f3 la firma en Las Parejas la subsecretaria de fortalecimiento territorial en Igualdad, G\u00e9nero y Diversidad, Soledad Zalazar. Adem\u00e1s, estuvieron presentes otras referencias territoriales de las localidades firmantes. En el caso de Las parejas, participaron de la firma las concejalas de la mencionada localidad, Erica Molteni y Cintia Marconato y la concejala Marina Luz Fisher de Armstrong. En San Jorge hicieron lo propio los concejales Gustavo Pascheta (presidente del Concejo de San Jorge), Sergio Balbi (Sastre) y Gilberto Bonelli de El Tr\u00e9bol, adem\u00e1s de la referente territorial J\u00e9sica Ledesma. &nbsp;<\/p>\n\n\n\n<p>\u201cEste programa llevado adelante por el Gobierno de la provincia a trav\u00e9s del Ministerio, es un programa de fortalecimiento de \u00e1reas locales. Comenzamos la gesti\u00f3n con 143 municipios y comunas, hoy estamos llegando a 302 y estamos aumentando m\u00e1s del 100% las localidades que participan. Eso claramente es una decisi\u00f3n pol\u00edtica de fortalecer los territorios, las \u00e1reas locales, es una gran transferencia de recursos econ\u00f3micos pero tambi\u00e9n de recursos t\u00e9cnicos, que el Ministerio va a trabajar con todas las \u00e1reas locales. Lo mismo con los Puntos Violetas, llevamos inaugurado el 10%, para mitad de a\u00f1o tendremos m\u00e1s del 60% y para fin de a\u00f1o, terminados los 40 Puntos. Esto tambi\u00e9n es descentralizar, territorializar y estar en cada regi\u00f3n de nuestra extensa provincia\u201d, se\u00f1al\u00f3 la ministra de Igualdad, G\u00e9nero y Diversidad, Florencia Marinaro.<\/p>\n\n\n\n<p>\u201cEl programa tiene como objetivo hacer una transferencia de recursos econ\u00f3micos, para que los municipios y comunas, si no tienen un \u00e1rea local, la creen, y si ya la tienen, poder fortalecerla, ampliar el personal, el equipamiento y todo lo que tenga que ver con brindar un servicio de atenci\u00f3n en la primera l\u00ednea a las violencias de g\u00e9nero, tambi\u00e9n trabajar en la promoci\u00f3n de derechos, en la prevenci\u00f3n de las violencias, en la Ley Micaela, en las distintas pol\u00edticas\u201d, agreg\u00f3 Marinaro.<\/p>\n\n\n\n<p>\u201cPor primera vez, estamos superando a\u00f1o tras a\u00f1o lo que tiene que ver con la cantidad de convenios firmados, eso significa que el ministerio aterriza directamente y firmemente en las pol\u00edticas p\u00fablicas en materia de g\u00e9nero y diversidad\u201d, sostuvo Soledad Zalazar, subsecretaria de Articulaci\u00f3n Territorial en Igualdad, G\u00e9nero y Diversidad. \u201cPara el Ministerio esto significa tener m\u00e1s herramientas a la hora de territorializar las pol\u00edticas p\u00fablicas\u201d, agreg\u00f3.<\/p>\n\n\n\n<p><strong>Sobre los convenios<\/strong><\/p>\n\n\n\n<p>El Ministerio lleva adelante el programa de Fortalecimiento y creaci\u00f3n de \u00e1reas de Igualdad, G\u00e9nero y Diversidad para que municipios y comunas desarrollen un proyecto institucional de pol\u00edticas vinculadas a la promoci\u00f3n de derechos; la prevenci\u00f3n y atenci\u00f3n en violencias por motivos de g\u00e9nero; la diversidad sexual; y los cuidados, de acuerdo a las necesidades de cada territorio, impulsando las visiones de los gobiernos locales. Esto implica la recepci\u00f3n de recursos t\u00e9cnicos y econ\u00f3micos para trabajar pol\u00edticas concretas, adaptadas a cada territorio, que aporten a la construcci\u00f3n de sociedades m\u00e1s igualitarias.<br><\/p>\n","protected":false},"excerpt":{"rendered":"<p>Con actos realizados en Las Parejas y San Jorge, se suscribieron convenios con localidades de los departamentos Belgrano y San Mart\u00edn. El Gobierno de Santa Fe, a trav\u00e9s del Ministerio de Igualdad, G\u00e9nero y Diversidad, suscribi\u00f3 convenios de fortalecimiento y\/o creaci\u00f3n de \u00e1reas locales de Igualdad, G\u00e9nero y Diversidad con localidades de los departamentos Belgrano <a href=\"https:\/\/armstrongyregion.com.ar\/diario\/la-provincia-continua-firmando-convenios-para-areas-de-igualdad-genero-y-diversidad-con-municipios-y-comunas\/\" title=\"Read more\" >&#8230;<\/a><\/p>\n","protected":false},"author":1,"featured_media":34261,"comment_status":"open","ping_status":"open","sticky":false,"template":"","format":"image","meta":{"_jetpack_memberships_contains_paid_content":false,"footnotes":"","jetpack_publicize_message":"","jetpack_publicize_feature_enabled":true,"jetpack_social_post_already_shared":true,"jetpack_social_options":{"image_generator_settings":{"template":"highway","default_image_id":0,"enabled":false},"version":2}},"categories":[8,1,2,7,3],"tags":[],"class_list":["post-34260","post","type-post","status-publish","format-image","has-post-thumbnail","hentry","category-deliberando","category-diario-armstrong","category-locales","category-politica","category-region","post_format-post-format-image"],"jetpack_publicize_connections":[],"jetpack_featured_media_url":"https:\/\/armstrongyregion.com.ar\/diario\/wp-content\/uploads\/2022\/05\/genero-compag.jpg","jetpack_shortlink":"https:\/\/wp.me\/p62QDO-8UA","jetpack_sharing_enabled":true,"amp_enabled":true,"_links":{"self":[{"href":"https:\/\/armstrongyregion.com.ar\/diario\/wp-json\/wp\/v2\/posts\/34260","targetHints":{"allow":["GET"]}}],"collection":[{"href":"https:\/\/armstrongyregion.com.ar\/diario\/wp-json\/wp\/v2\/posts"}],"about":[{"href":"https:\/\/armstrongyregion.com.ar\/diario\/wp-json\/wp\/v2\/types\/post"}],"author":[{"embeddable":true,"href":"https:\/\/armstrongyregion.com.ar\/diario\/wp-json\/wp\/v2\/users\/1"}],"replies":[{"embeddable":true,"href":"https:\/\/armstrongyregion.com.ar\/diario\/wp-json\/wp\/v2\/comments?post=34260"}],"version-history":[{"count":1,"href":"https:\/\/armstrongyregion.com.ar\/diario\/wp-json\/wp\/v2\/posts\/34260\/revisions"}],"predecessor-version":[{"id":34262,"href":"https:\/\/armstrongyregion.com.ar\/diario\/wp-json\/wp\/v2\/posts\/34260\/revisions\/34262"}],"wp:featuredmedia":[{"embeddable":true,"href":"https:\/\/armstrongyregion.com.ar\/diario\/wp-json\/wp\/v2\/media\/34261"}],"wp:attachment":[{"href":"https:\/\/armstrongyregion.com.ar\/diario\/wp-json\/wp\/v2\/media?parent=34260"}],"wp:term":[{"taxonomy":"category","embeddable":true,"href":"https:\/\/armstrongyregion.com.ar\/diario\/wp-json\/wp\/v2\/categories?post=34260"},{"taxonomy":"post_tag","embeddable":true,"href":"https:\/\/armstrongyregion.com.ar\/diario\/wp-json\/wp\/v2\/tags?post=34260"}],"curies":[{"name":"wp","href":"https:\/\/api.w.org\/{rel}","templated":true}]}}