{"id":34248,"date":"2022-05-06T02:14:41","date_gmt":"2022-05-06T02:14:41","guid":{"rendered":"https:\/\/armstrongyregion.com.ar\/diario\/?p=34248"},"modified":"2022-05-06T02:14:43","modified_gmt":"2022-05-06T02:14:43","slug":"el-senador-cornaglia-solicito-reconocimiento-a-los-soldados-bajo-bandera-convocados-y-movilizados-durante-la-guerra-de-malvinas","status":"publish","type":"post","link":"https:\/\/armstrongyregion.com.ar\/diario\/el-senador-cornaglia-solicito-reconocimiento-a-los-soldados-bajo-bandera-convocados-y-movilizados-durante-la-guerra-de-malvinas\/","title":{"rendered":"El Senador Cornaglia solicit\u00f3 reconocimiento a los soldados bajo bandera, convocados y movilizados durante la guerra de Malvinas."},"content":{"rendered":"\n<figure class=\"wp-block-image size-large\"><img loading=\"lazy\" decoding=\"async\" width=\"960\" height=\"540\" src=\"http:\/\/armstrongyregion.com.ar\/diario\/wp-content\/uploads\/2022\/05\/GC-2022-05-05-Fb-Cornaglia-Veteranos-Malvinas.jpg\" alt=\"\" class=\"wp-image-34249\" srcset=\"https:\/\/armstrongyregion.com.ar\/diario\/wp-content\/uploads\/2022\/05\/GC-2022-05-05-Fb-Cornaglia-Veteranos-Malvinas.jpg 960w, https:\/\/armstrongyregion.com.ar\/diario\/wp-content\/uploads\/2022\/05\/GC-2022-05-05-Fb-Cornaglia-Veteranos-Malvinas-300x169.jpg 300w, https:\/\/armstrongyregion.com.ar\/diario\/wp-content\/uploads\/2022\/05\/GC-2022-05-05-Fb-Cornaglia-Veteranos-Malvinas-768x432.jpg 768w\" sizes=\"auto, (max-width: 960px) 100vw, 960px\" \/><\/figure>\n\n\n\n<h2 class=\"wp-block-heading\"><strong>El legislador present\u00f3 un proyecto de Comunicaci\u00f3n para que el Poder Ejecutivo reglamente la Ley Provincial N\u00b0 13.421 del a\u00f1o 2014 y propuso declarar el 14 de junio como el d\u00eda del \u201cVeterano de Guerra Continental por Malvinas\u201d.<\/strong><\/h2>\n\n\n\n<p>El senador provincial Guillermo Cornaglia solicit\u00f3 que el Gobierno de Santa Fe reglamente la Ley Provincial N\u00b0 13.421 del a\u00f1o 2014, la cual otorga un reconocimiento hist\u00f3rico a todos los soldados Bajo Bandera, Convocados y Movilizados, que prestaron servicio como apoyo t\u00e1ctico y log\u00edstico en el \u00e1mbito del territorio Nacional Argentino durante el conflicto b\u00e9lico entre la Rep\u00fablica Argentina y el Reino Unido de Gran Breta\u00f1a e Irlanda del Norte, entre el 2 de abril y el 14 de junio de 1982, y que en aquel momento tuvieran domicilio en la Provincia. El representante de la C\u00e1mara Alta santafesina explic\u00f3 que el Poder Ejecutivo contaba con noventa d\u00edas desde su promulgaci\u00f3n para reglamentarla y, hasta el d\u00eda de la fecha, no se firm\u00f3 el respectivo decreto.<\/p>\n\n\n\n<p>Adem\u00e1s, Guillermo Cornaglia propuso declarar el 14 de junio como el d\u00eda del \u201cVeterano de Guerra Continental por Malvinas\u201d, dando lugar a un momento y un espacio de reflexi\u00f3n y memoria por todos nuestros Veteranos y Ca\u00eddos por la Patria durante la guerra en Defensa de la Soberan\u00eda Nacional. \u201cConstituir una fecha emblem\u00e1tica y conmemorativa en nuestro calendario provincial significa una dignificaci\u00f3n para todas y todos los veteranos de la guerra continental por Malvinas de la Rep\u00fablica Argentina\u201d, fundament\u00f3 el legislador por el departamento Belgrano.<br><\/p>\n\n\n\n<p>\u201cRecordar Malvinas es poder recuperarlos a la memoria y reconocerlos como las otras v\u00edctimas del proceso militar. Las torturas, los malos tratos y violencia hacia los soldados argentinos producidos por la c\u00fapula militar son ya definidos por la Justicia como cr\u00edmenes de Lesa Humanidad, otro cap\u00edtulo m\u00e1s del Terrorismo de Estado y los cr\u00edmenes que no prescriben\u201d, a\u00f1adi\u00f3 Cornaglia, y finaliz\u00f3: \u201cReglamentar la Ley 13.421 y establecer el d\u00eda del \u201cVeterano de Guerra Continental por Malvinas\u201d representa un posicionamiento, una postura y un mensaje valorativo para la sociedad y las futuras generaciones, es una oportunidad para reivindicar la memoria, la soberan\u00eda y la libertad\u201d.<\/p>\n","protected":false},"excerpt":{"rendered":"<p>El legislador present\u00f3 un proyecto de Comunicaci\u00f3n para que el Poder Ejecutivo reglamente la Ley Provincial N\u00b0 13.421 del a\u00f1o 2014 y propuso declarar el 14 de junio como el d\u00eda del \u201cVeterano de Guerra Continental por Malvinas\u201d. El senador provincial Guillermo Cornaglia solicit\u00f3 que el Gobierno de Santa Fe reglamente la Ley Provincial N\u00b0 <a href=\"https:\/\/armstrongyregion.com.ar\/diario\/el-senador-cornaglia-solicito-reconocimiento-a-los-soldados-bajo-bandera-convocados-y-movilizados-durante-la-guerra-de-malvinas\/\" title=\"Read more\" >&#8230;<\/a><\/p>\n","protected":false},"author":1,"featured_media":34249,"comment_status":"open","ping_status":"open","sticky":false,"template":"","format":"image","meta":{"_jetpack_memberships_contains_paid_content":false,"footnotes":"","jetpack_publicize_message":"","jetpack_publicize_feature_enabled":true,"jetpack_social_post_already_shared":true,"jetpack_social_options":{"image_generator_settings":{"template":"highway","default_image_id":0,"enabled":false},"version":2}},"categories":[8,1,2,7,3],"tags":[],"class_list":["post-34248","post","type-post","status-publish","format-image","has-post-thumbnail","hentry","category-deliberando","category-diario-armstrong","category-locales","category-politica","category-region","post_format-post-format-image"],"jetpack_publicize_connections":[],"jetpack_featured_media_url":"https:\/\/armstrongyregion.com.ar\/diario\/wp-content\/uploads\/2022\/05\/GC-2022-05-05-Fb-Cornaglia-Veteranos-Malvinas.jpg","jetpack_shortlink":"https:\/\/wp.me\/p62QDO-8Uo","jetpack_sharing_enabled":true,"amp_enabled":true,"_links":{"self":[{"href":"https:\/\/armstrongyregion.com.ar\/diario\/wp-json\/wp\/v2\/posts\/34248","targetHints":{"allow":["GET"]}}],"collection":[{"href":"https:\/\/armstrongyregion.com.ar\/diario\/wp-json\/wp\/v2\/posts"}],"about":[{"href":"https:\/\/armstrongyregion.com.ar\/diario\/wp-json\/wp\/v2\/types\/post"}],"author":[{"embeddable":true,"href":"https:\/\/armstrongyregion.com.ar\/diario\/wp-json\/wp\/v2\/users\/1"}],"replies":[{"embeddable":true,"href":"https:\/\/armstrongyregion.com.ar\/diario\/wp-json\/wp\/v2\/comments?post=34248"}],"version-history":[{"count":1,"href":"https:\/\/armstrongyregion.com.ar\/diario\/wp-json\/wp\/v2\/posts\/34248\/revisions"}],"predecessor-version":[{"id":34250,"href":"https:\/\/armstrongyregion.com.ar\/diario\/wp-json\/wp\/v2\/posts\/34248\/revisions\/34250"}],"wp:featuredmedia":[{"embeddable":true,"href":"https:\/\/armstrongyregion.com.ar\/diario\/wp-json\/wp\/v2\/media\/34249"}],"wp:attachment":[{"href":"https:\/\/armstrongyregion.com.ar\/diario\/wp-json\/wp\/v2\/media?parent=34248"}],"wp:term":[{"taxonomy":"category","embeddable":true,"href":"https:\/\/armstrongyregion.com.ar\/diario\/wp-json\/wp\/v2\/categories?post=34248"},{"taxonomy":"post_tag","embeddable":true,"href":"https:\/\/armstrongyregion.com.ar\/diario\/wp-json\/wp\/v2\/tags?post=34248"}],"curies":[{"name":"wp","href":"https:\/\/api.w.org\/{rel}","templated":true}]}}