{"id":34237,"date":"2022-05-05T15:20:42","date_gmt":"2022-05-05T15:20:42","guid":{"rendered":"https:\/\/armstrongyregion.com.ar\/diario\/?p=34237"},"modified":"2022-05-05T15:20:43","modified_gmt":"2022-05-05T15:20:43","slug":"la-ministra-cantero-recibio-a-senadores-para-brindar-detalles-sobre-la-gestion-del-ministerio-de-educacion","status":"publish","type":"post","link":"https:\/\/armstrongyregion.com.ar\/diario\/la-ministra-cantero-recibio-a-senadores-para-brindar-detalles-sobre-la-gestion-del-ministerio-de-educacion\/","title":{"rendered":"La ministra Cantero recibi\u00f3 a senadores para brindar detalles sobre la gesti\u00f3n del Ministerio de Educaci\u00f3n."},"content":{"rendered":"\n<figure class=\"wp-block-image size-large\"><img loading=\"lazy\" decoding=\"async\" width=\"770\" height=\"513\" src=\"http:\/\/armstrongyregion.com.ar\/diario\/wp-content\/uploads\/2022\/05\/min-cantero-5-5-22.jpg\" alt=\"\" class=\"wp-image-34238\" srcset=\"https:\/\/armstrongyregion.com.ar\/diario\/wp-content\/uploads\/2022\/05\/min-cantero-5-5-22.jpg 770w, https:\/\/armstrongyregion.com.ar\/diario\/wp-content\/uploads\/2022\/05\/min-cantero-5-5-22-300x200.jpg 300w, https:\/\/armstrongyregion.com.ar\/diario\/wp-content\/uploads\/2022\/05\/min-cantero-5-5-22-768x512.jpg 768w\" sizes=\"auto, (max-width: 770px) 100vw, 770px\" \/><\/figure>\n\n\n\n<h2 class=\"wp-block-heading\"> La titular del \u00e1rea de Educaci\u00f3n de la provincia respondi\u00f3 a las consultas planteadas por los legisladores del bloque de la UCR. <\/h2>\n\n\n\n<p>La ministra de Educaci\u00f3n de la provincia, Adriana Cantero, junto al gabinete educativo, recibieron en la sede de la cartera educativa a los senadores del bloque de la UCR con el fin de responder a algunas consultas planteadas por los legisladores.<\/p>\n\n\n\n<p>Dentro de los temas tratados, se abord\u00f3 la aplicaci\u00f3n y el financiamiento que brinda a la comunidad educativa el Boleto Educativo Rural, resaltando su car\u00e1cter de universal. Tambi\u00e9n se precisaron detalles sobre infraestructura y equipamiento escolar, trazando el plan provincial en construcci\u00f3n de nuevos edificios y aulas escolares y presentando las ya edificadas, como as\u00ed tambi\u00e9n el funcionamiento, dinamismo y asignaci\u00f3n de los Fondos de Asistencia de Necesidades Inmediatas (FANI) y la presentaci\u00f3n del esquema de ampliaci\u00f3n e implementaci\u00f3n de extensiones \u00e1ulicas.<\/p>\n\n\n\n<p>Finalmente, se trat\u00f3 el plan estrat\u00e9gico de extensi\u00f3n de jornada en las escuelas primarias y se inform\u00f3 respecto al pr\u00f3ximo refuerzo en el servicio alimentario.<\/p>\n\n\n\n<p>En di\u00e1logo con los senadores Cantero reafirm\u00f3 que el compromiso de sostener a todos los chicos y las chicas en la escuela aprendiendo debe ser un esfuerzo de todos los actores sociales con incidencia real en los territorios, y solicit\u00f3 a los senadores colaboraci\u00f3n en las localidades de los departamentos que representan.<\/p>\n","protected":false},"excerpt":{"rendered":"<p>La titular del \u00e1rea de Educaci\u00f3n de la provincia respondi\u00f3 a las consultas planteadas por los legisladores del bloque de la UCR. La ministra de Educaci\u00f3n de la provincia, Adriana Cantero, junto al gabinete educativo, recibieron en la sede de la cartera educativa a los senadores del bloque de la UCR con el fin de <a href=\"https:\/\/armstrongyregion.com.ar\/diario\/la-ministra-cantero-recibio-a-senadores-para-brindar-detalles-sobre-la-gestion-del-ministerio-de-educacion\/\" title=\"Read more\" >&#8230;<\/a><\/p>\n","protected":false},"author":1,"featured_media":34238,"comment_status":"open","ping_status":"open","sticky":false,"template":"","format":"image","meta":{"_jetpack_memberships_contains_paid_content":false,"footnotes":"","jetpack_publicize_message":"","jetpack_publicize_feature_enabled":true,"jetpack_social_post_already_shared":true,"jetpack_social_options":{"image_generator_settings":{"template":"highway","default_image_id":0,"enabled":false},"version":2}},"categories":[8,1,2,7,3],"tags":[],"class_list":["post-34237","post","type-post","status-publish","format-image","has-post-thumbnail","hentry","category-deliberando","category-diario-armstrong","category-locales","category-politica","category-region","post_format-post-format-image"],"jetpack_publicize_connections":[],"jetpack_featured_media_url":"https:\/\/armstrongyregion.com.ar\/diario\/wp-content\/uploads\/2022\/05\/min-cantero-5-5-22.jpg","jetpack_shortlink":"https:\/\/wp.me\/p62QDO-8Ud","jetpack_sharing_enabled":true,"amp_enabled":true,"_links":{"self":[{"href":"https:\/\/armstrongyregion.com.ar\/diario\/wp-json\/wp\/v2\/posts\/34237","targetHints":{"allow":["GET"]}}],"collection":[{"href":"https:\/\/armstrongyregion.com.ar\/diario\/wp-json\/wp\/v2\/posts"}],"about":[{"href":"https:\/\/armstrongyregion.com.ar\/diario\/wp-json\/wp\/v2\/types\/post"}],"author":[{"embeddable":true,"href":"https:\/\/armstrongyregion.com.ar\/diario\/wp-json\/wp\/v2\/users\/1"}],"replies":[{"embeddable":true,"href":"https:\/\/armstrongyregion.com.ar\/diario\/wp-json\/wp\/v2\/comments?post=34237"}],"version-history":[{"count":1,"href":"https:\/\/armstrongyregion.com.ar\/diario\/wp-json\/wp\/v2\/posts\/34237\/revisions"}],"predecessor-version":[{"id":34239,"href":"https:\/\/armstrongyregion.com.ar\/diario\/wp-json\/wp\/v2\/posts\/34237\/revisions\/34239"}],"wp:featuredmedia":[{"embeddable":true,"href":"https:\/\/armstrongyregion.com.ar\/diario\/wp-json\/wp\/v2\/media\/34238"}],"wp:attachment":[{"href":"https:\/\/armstrongyregion.com.ar\/diario\/wp-json\/wp\/v2\/media?parent=34237"}],"wp:term":[{"taxonomy":"category","embeddable":true,"href":"https:\/\/armstrongyregion.com.ar\/diario\/wp-json\/wp\/v2\/categories?post=34237"},{"taxonomy":"post_tag","embeddable":true,"href":"https:\/\/armstrongyregion.com.ar\/diario\/wp-json\/wp\/v2\/tags?post=34237"}],"curies":[{"name":"wp","href":"https:\/\/api.w.org\/{rel}","templated":true}]}}