{"id":34170,"date":"2022-05-02T21:45:32","date_gmt":"2022-05-02T21:45:32","guid":{"rendered":"https:\/\/armstrongyregion.com.ar\/diario\/?p=34170"},"modified":"2022-05-02T21:45:33","modified_gmt":"2022-05-02T21:45:33","slug":"canada-de-gomez-una-multitud-paso-el-dia-del-trabajador-en-la-plaza-san-martin-2","status":"publish","type":"post","link":"https:\/\/armstrongyregion.com.ar\/diario\/canada-de-gomez-una-multitud-paso-el-dia-del-trabajador-en-la-plaza-san-martin-2\/","title":{"rendered":"Ca\u00f1ada de G\u00f3mez. Una multitud pas\u00f3 el d\u00eda del trabajador en la Plaza San Mart\u00edn."},"content":{"rendered":"\n<figure class=\"wp-block-image size-large\"><img loading=\"lazy\" decoding=\"async\" width=\"512\" height=\"212\" src=\"http:\/\/armstrongyregion.com.ar\/diario\/wp-content\/uploads\/2022\/05\/Ca\u00f1ada-multitud-.jpg\" alt=\"\" class=\"wp-image-34171\" srcset=\"https:\/\/armstrongyregion.com.ar\/diario\/wp-content\/uploads\/2022\/05\/Ca\u00f1ada-multitud-.jpg 512w, https:\/\/armstrongyregion.com.ar\/diario\/wp-content\/uploads\/2022\/05\/Ca\u00f1ada-multitud--300x124.jpg 300w\" sizes=\"auto, (max-width: 512px) 100vw, 512px\" \/><\/figure>\n\n\n\n<p>Miles de ca\u00f1adenses colmaron una vez m\u00e1s la plaza San Mart\u00edn para vivir una gran fiesta popular, en la conmemoraci\u00f3n del D\u00eda del Trabajador, con espect\u00e1culos musicales, reconocimientos, micro emprendedores y servicio de buffet a cargo de los clubes de la ciudad.<\/p>\n\n\n\n<p>De esta manera, por iniciativa de la gesti\u00f3n municipal de la intendenta Cl\u00e9rici se llev\u00f3 a cabo la jornada que tuvo en el escenario a Ricardo Palavecino, integrantes de la Orquesta Municipal de Tango, Los Legueros del Litoral, Francisco Benitez, reconocimiento a Pablo Gobernatori y el cierre con La Trova Rosarina. &nbsp;\u201cMuy contentos de que Ca\u00f1ada pueda pasar el d\u00eda de los trabajadores con esta fiesta popular en nuestra querida plaza San Mart\u00edn\u201d, expres\u00f3 Cl\u00e9rici.<br><\/p>\n","protected":false},"excerpt":{"rendered":"<p>Miles de ca\u00f1adenses colmaron una vez m\u00e1s la plaza San Mart\u00edn para vivir una gran fiesta popular, en la conmemoraci\u00f3n del D\u00eda del Trabajador, con espect\u00e1culos musicales, reconocimientos, micro emprendedores y servicio de buffet a cargo de los clubes de la ciudad. De esta manera, por iniciativa de la gesti\u00f3n municipal de la intendenta Cl\u00e9rici <a href=\"https:\/\/armstrongyregion.com.ar\/diario\/canada-de-gomez-una-multitud-paso-el-dia-del-trabajador-en-la-plaza-san-martin-2\/\" title=\"Read more\" >&#8230;<\/a><\/p>\n","protected":false},"author":1,"featured_media":34171,"comment_status":"open","ping_status":"open","sticky":false,"template":"","format":"image","meta":{"_jetpack_memberships_contains_paid_content":false,"footnotes":"","jetpack_publicize_message":"","jetpack_publicize_feature_enabled":true,"jetpack_social_post_already_shared":true,"jetpack_social_options":{"image_generator_settings":{"template":"highway","default_image_id":0,"enabled":false},"version":2}},"categories":[8,1,2,7,3],"tags":[],"class_list":["post-34170","post","type-post","status-publish","format-image","has-post-thumbnail","hentry","category-deliberando","category-diario-armstrong","category-locales","category-politica","category-region","post_format-post-format-image"],"jetpack_publicize_connections":[],"jetpack_featured_media_url":"https:\/\/armstrongyregion.com.ar\/diario\/wp-content\/uploads\/2022\/05\/Ca\u00f1ada-multitud-.jpg","jetpack_shortlink":"https:\/\/wp.me\/p62QDO-8T8","jetpack_sharing_enabled":true,"amp_enabled":true,"_links":{"self":[{"href":"https:\/\/armstrongyregion.com.ar\/diario\/wp-json\/wp\/v2\/posts\/34170","targetHints":{"allow":["GET"]}}],"collection":[{"href":"https:\/\/armstrongyregion.com.ar\/diario\/wp-json\/wp\/v2\/posts"}],"about":[{"href":"https:\/\/armstrongyregion.com.ar\/diario\/wp-json\/wp\/v2\/types\/post"}],"author":[{"embeddable":true,"href":"https:\/\/armstrongyregion.com.ar\/diario\/wp-json\/wp\/v2\/users\/1"}],"replies":[{"embeddable":true,"href":"https:\/\/armstrongyregion.com.ar\/diario\/wp-json\/wp\/v2\/comments?post=34170"}],"version-history":[{"count":1,"href":"https:\/\/armstrongyregion.com.ar\/diario\/wp-json\/wp\/v2\/posts\/34170\/revisions"}],"predecessor-version":[{"id":34172,"href":"https:\/\/armstrongyregion.com.ar\/diario\/wp-json\/wp\/v2\/posts\/34170\/revisions\/34172"}],"wp:featuredmedia":[{"embeddable":true,"href":"https:\/\/armstrongyregion.com.ar\/diario\/wp-json\/wp\/v2\/media\/34171"}],"wp:attachment":[{"href":"https:\/\/armstrongyregion.com.ar\/diario\/wp-json\/wp\/v2\/media?parent=34170"}],"wp:term":[{"taxonomy":"category","embeddable":true,"href":"https:\/\/armstrongyregion.com.ar\/diario\/wp-json\/wp\/v2\/categories?post=34170"},{"taxonomy":"post_tag","embeddable":true,"href":"https:\/\/armstrongyregion.com.ar\/diario\/wp-json\/wp\/v2\/tags?post=34170"}],"curies":[{"name":"wp","href":"https:\/\/api.w.org\/{rel}","templated":true}]}}