{"id":3417,"date":"2015-08-05T14:13:05","date_gmt":"2015-08-05T14:13:05","guid":{"rendered":"https:\/\/armstrongyregion.com.ar\/diario\/?p=3417"},"modified":"2015-08-05T14:13:05","modified_gmt":"2015-08-05T14:13:05","slug":"paola-riccardi-concejal-electa-por-el-f-p-v-de-las-rosas","status":"publish","type":"post","link":"https:\/\/armstrongyregion.com.ar\/diario\/paola-riccardi-concejal-electa-por-el-f-p-v-de-las-rosas\/","title":{"rendered":"Paola Riccardi, concejal electa por el F.P.V. de Las Rosas."},"content":{"rendered":"<p><a href=\"http:\/\/armstrongyregion.com.ar\/diario\/wp-content\/uploads\/2015\/08\/DSC_0866.jpg\"><img loading=\"lazy\" decoding=\"async\" class=\"alignnone size-medium wp-image-3418\" src=\"http:\/\/armstrongyregion.com.ar\/diario\/wp-content\/uploads\/2015\/08\/DSC_0866-300x200.jpg\" alt=\"Paola-Riccardi-Concejal-de-Las-Rosas-\" width=\"300\" height=\"200\" srcset=\"https:\/\/armstrongyregion.com.ar\/diario\/wp-content\/uploads\/2015\/08\/DSC_0866-300x200.jpg 300w, https:\/\/armstrongyregion.com.ar\/diario\/wp-content\/uploads\/2015\/08\/DSC_0866-1024x683.jpg 1024w\" sizes=\"auto, (max-width: 300px) 100vw, 300px\" \/><\/a><\/p>\n<p><iframe loading=\"lazy\" width=\"800\" height=\"600\" src=\"https:\/\/www.youtube.com\/embed\/glqzqmGBH10?feature=oembed\" frameborder=\"0\" allowfullscreen><\/iframe><\/p>\n<p>Paola Riccardi, concejal electa por el F.P.V. nos cuenta como ser\u00e1 su impronta a partir del 10 de diciembre, cu\u00e1les ser\u00e1n sus proyectos, las necesidades de la comunidad rosense y su visi\u00f3n sobre una nueva gesti\u00f3n municipal.<\/p>\n","protected":false},"excerpt":{"rendered":"<p>Paola Riccardi, concejal electa por el F.P.V. nos cuenta como ser\u00e1 su impronta a partir del 10 de diciembre, cu\u00e1les ser\u00e1n sus proyectos, las necesidades de la comunidad rosense y su visi\u00f3n sobre una nueva gesti\u00f3n municipal.<\/p>\n","protected":false},"author":2,"featured_media":3418,"comment_status":"open","ping_status":"open","sticky":false,"template":"","format":"standard","meta":{"_jetpack_memberships_contains_paid_content":false,"footnotes":"","jetpack_publicize_message":"","jetpack_publicize_feature_enabled":true,"jetpack_social_post_already_shared":false,"jetpack_social_options":{"image_generator_settings":{"template":"highway","default_image_id":0,"enabled":false},"version":2}},"categories":[8,1,7,3],"tags":[673,19,16,2440,2441,23,2438,60,2439,361],"class_list":["post-3417","post","type-post","status-publish","format-standard","has-post-thumbnail","hentry","category-deliberando","category-diario-armstrong","category-politica","category-region","tag-concejal","tag-de","tag-el","tag-electa","tag-f-p-v","tag-las","tag-paola","tag-por","tag-riccardi","tag-rosas"],"jetpack_publicize_connections":[],"jetpack_featured_media_url":"https:\/\/armstrongyregion.com.ar\/diario\/wp-content\/uploads\/2015\/08\/DSC_0866.jpg","jetpack_shortlink":"https:\/\/wp.me\/p62QDO-T7","jetpack_sharing_enabled":true,"amp_enabled":true,"_links":{"self":[{"href":"https:\/\/armstrongyregion.com.ar\/diario\/wp-json\/wp\/v2\/posts\/3417","targetHints":{"allow":["GET"]}}],"collection":[{"href":"https:\/\/armstrongyregion.com.ar\/diario\/wp-json\/wp\/v2\/posts"}],"about":[{"href":"https:\/\/armstrongyregion.com.ar\/diario\/wp-json\/wp\/v2\/types\/post"}],"author":[{"embeddable":true,"href":"https:\/\/armstrongyregion.com.ar\/diario\/wp-json\/wp\/v2\/users\/2"}],"replies":[{"embeddable":true,"href":"https:\/\/armstrongyregion.com.ar\/diario\/wp-json\/wp\/v2\/comments?post=3417"}],"version-history":[{"count":0,"href":"https:\/\/armstrongyregion.com.ar\/diario\/wp-json\/wp\/v2\/posts\/3417\/revisions"}],"wp:featuredmedia":[{"embeddable":true,"href":"https:\/\/armstrongyregion.com.ar\/diario\/wp-json\/wp\/v2\/media\/3418"}],"wp:attachment":[{"href":"https:\/\/armstrongyregion.com.ar\/diario\/wp-json\/wp\/v2\/media?parent=3417"}],"wp:term":[{"taxonomy":"category","embeddable":true,"href":"https:\/\/armstrongyregion.com.ar\/diario\/wp-json\/wp\/v2\/categories?post=3417"},{"taxonomy":"post_tag","embeddable":true,"href":"https:\/\/armstrongyregion.com.ar\/diario\/wp-json\/wp\/v2\/tags?post=3417"}],"curies":[{"name":"wp","href":"https:\/\/api.w.org\/{rel}","templated":true}]}}