{"id":34111,"date":"2022-04-27T23:16:34","date_gmt":"2022-04-27T23:16:34","guid":{"rendered":"https:\/\/armstrongyregion.com.ar\/diario\/?p=34111"},"modified":"2022-04-27T23:16:35","modified_gmt":"2022-04-27T23:16:35","slug":"mas-de-1600-enfermeros-y-enfermeras-se-capacitaron-en-prevencion-de-cancer-de-cuello-uterino","status":"publish","type":"post","link":"https:\/\/armstrongyregion.com.ar\/diario\/mas-de-1600-enfermeros-y-enfermeras-se-capacitaron-en-prevencion-de-cancer-de-cuello-uterino\/","title":{"rendered":"M\u00e1s de 1600 enfermeros y enfermeras se capacitaron en prevenci\u00f3n de C\u00e1ncer de cuello uterino."},"content":{"rendered":"\n<figure class=\"wp-block-image size-large\"><img loading=\"lazy\" decoding=\"async\" width=\"570\" height=\"320\" src=\"http:\/\/armstrongyregion.com.ar\/diario\/wp-content\/uploads\/2022\/04\/cancer-utero-22.jpg\" alt=\"\" class=\"wp-image-34112\" srcset=\"https:\/\/armstrongyregion.com.ar\/diario\/wp-content\/uploads\/2022\/04\/cancer-utero-22.jpg 570w, https:\/\/armstrongyregion.com.ar\/diario\/wp-content\/uploads\/2022\/04\/cancer-utero-22-300x168.jpg 300w\" sizes=\"auto, (max-width: 570px) 100vw, 570px\" \/><\/figure>\n\n\n\n<h2 class=\"wp-block-heading\"> La Agencia de Control del C\u00e1ncer organiz\u00f3 una formaci\u00f3n virtual en el marco de la implementaci\u00f3n del Test de VPH como nuevo m\u00e9todo de tamizaje. <\/h2>\n\n\n\n<figure class=\"wp-block-table\"><table class=\"\"><tbody><tr><td><br>&nbsp;La Agencia de Control del C\u00e1ncer del Ministerio de Salud organiz\u00f3 esta semana una jornada de formaci\u00f3n en prevenci\u00f3n del c\u00e1ncer de cuello de \u00fatero, destinada espec\u00edficamente al personal de enfermer\u00eda de la provincia de Santa Fe. M\u00e1s de 1600 enfermeros y enfermeras se sumaron a la propuesta.En la provincia se diagnostican cada a\u00f1o alrededor de 800 nuevos casos de c\u00e1ncer de cuello de \u00fatero y mueren anualmente 210 mujeres por esta enfermedad que se ha definido como prevenible. Es una enfermedad producida por algunos tipos de cepas del Virus Papiloma Humano (VPH), que es un virus de transmisi\u00f3n sexual muy com\u00fan, que afecta a hombres y mujeres.En este contexto es que el Ministerio de Salud, a trav\u00e9s de su Agencia de Control del C\u00e1ncer, avanz\u00f3 este 2022 con la implementaci\u00f3n de un nuevo m\u00e9todo de tamizaje poblacional como lo es el Test de VPH, que se suma a los m\u00e9todos de diagn\u00f3stico y prevenci\u00f3n disponibles en Santa Fe, brindando m\u00e1s y mejores opciones a la hora de hacer una prevenci\u00f3n de este tipo de tumor.\u201cEl personal de enfermer\u00eda en toda la provincia tiene la mayor trascendencia en el tema que nos convoca, son las enfermeras y enfermeros los trabajadores que tienen atenci\u00f3n directa y trato con el paciente y son, tambi\u00e9n, uno de los actores m\u00e1s presentes en la atenci\u00f3n primaria. El personal de enfermer\u00eda es central en la tarea de prevenci\u00f3n del c\u00e1ncer de cuello de \u00fatero y en su detecci\u00f3n viral que ahora permite el Test de VPH\u201d, destac\u00f3 en su disertaci\u00f3n la, directora de la Agencia de Control del C\u00e1ncer, Graciela L\u00f3pez de Degani.\u201cQueremos que quede claro que el c\u00e1ncer de cuello de \u00fatero se puede prevenir y se puede curar; que el Test de VPH es un estudio ginecol\u00f3gico m\u00e1s, al igual que el Papanicolaou (PAP) y que sirve para detectar la presencia de este virus que, a trav\u00e9s de la incorporaci\u00f3n del ADN viral, produce cambios en las c\u00e9lulas y posibles lesiones\u201d, explic\u00f3.La jornada de capacitaci\u00f3n sobre VPH y c\u00e1ncer de cuello uterino acerc\u00f3 conocimientos sobre estas enfermedades as\u00ed como capacitar en la toma, conservaci\u00f3n y traslado de muestras de VPH a todo el personal de enfermer\u00eda provincial. Fue dictada en conjunto con Soledad Guerrero, coordinadora del programa provincial de Vacunaci\u00f3n quien dict\u00f3 una formaci\u00f3n en Vacunas de VPH, y coordinada tambi\u00e9n por Emilse Beletti, jefa provincial de Enfermer\u00eda de la provincia.La Jornada Interdisciplinaria VPH \u2013 C\u00e1ncer de Cuello de \u00datero est\u00e1 disponible para su consulta en el siguiente link:&nbsp;<a href=\"https:\/\/www.youtube.com\/watch?v=6YBEa6VYW7k\" target=\"_blank\" rel=\"noreferrer noopener\">https:\/\/www.youtube.com\/watch?v=6YBEa6VYW7k<\/a><\/td><\/tr><\/tbody><\/table><\/figure>\n","protected":false},"excerpt":{"rendered":"<p>La Agencia de Control del C\u00e1ncer organiz\u00f3 una formaci\u00f3n virtual en el marco de la implementaci\u00f3n del Test de VPH como nuevo m\u00e9todo de tamizaje. &nbsp;La Agencia de Control del C\u00e1ncer del Ministerio de Salud organiz\u00f3 esta semana una jornada de formaci\u00f3n en prevenci\u00f3n del c\u00e1ncer de cuello de \u00fatero, destinada espec\u00edficamente al personal de <a href=\"https:\/\/armstrongyregion.com.ar\/diario\/mas-de-1600-enfermeros-y-enfermeras-se-capacitaron-en-prevencion-de-cancer-de-cuello-uterino\/\" title=\"Read more\" >&#8230;<\/a><\/p>\n","protected":false},"author":1,"featured_media":34112,"comment_status":"open","ping_status":"open","sticky":false,"template":"","format":"image","meta":{"_jetpack_memberships_contains_paid_content":false,"footnotes":"","jetpack_publicize_message":"","jetpack_publicize_feature_enabled":true,"jetpack_social_post_already_shared":true,"jetpack_social_options":{"image_generator_settings":{"template":"highway","default_image_id":0,"enabled":false},"version":2}},"categories":[8,1,2,4,3],"tags":[],"class_list":["post-34111","post","type-post","status-publish","format-image","has-post-thumbnail","hentry","category-deliberando","category-diario-armstrong","category-locales","category-prevencion-salud","category-region","post_format-post-format-image"],"jetpack_publicize_connections":[],"jetpack_featured_media_url":"https:\/\/armstrongyregion.com.ar\/diario\/wp-content\/uploads\/2022\/04\/cancer-utero-22.jpg","jetpack_shortlink":"https:\/\/wp.me\/p62QDO-8Sb","jetpack_sharing_enabled":true,"amp_enabled":true,"_links":{"self":[{"href":"https:\/\/armstrongyregion.com.ar\/diario\/wp-json\/wp\/v2\/posts\/34111","targetHints":{"allow":["GET"]}}],"collection":[{"href":"https:\/\/armstrongyregion.com.ar\/diario\/wp-json\/wp\/v2\/posts"}],"about":[{"href":"https:\/\/armstrongyregion.com.ar\/diario\/wp-json\/wp\/v2\/types\/post"}],"author":[{"embeddable":true,"href":"https:\/\/armstrongyregion.com.ar\/diario\/wp-json\/wp\/v2\/users\/1"}],"replies":[{"embeddable":true,"href":"https:\/\/armstrongyregion.com.ar\/diario\/wp-json\/wp\/v2\/comments?post=34111"}],"version-history":[{"count":1,"href":"https:\/\/armstrongyregion.com.ar\/diario\/wp-json\/wp\/v2\/posts\/34111\/revisions"}],"predecessor-version":[{"id":34113,"href":"https:\/\/armstrongyregion.com.ar\/diario\/wp-json\/wp\/v2\/posts\/34111\/revisions\/34113"}],"wp:featuredmedia":[{"embeddable":true,"href":"https:\/\/armstrongyregion.com.ar\/diario\/wp-json\/wp\/v2\/media\/34112"}],"wp:attachment":[{"href":"https:\/\/armstrongyregion.com.ar\/diario\/wp-json\/wp\/v2\/media?parent=34111"}],"wp:term":[{"taxonomy":"category","embeddable":true,"href":"https:\/\/armstrongyregion.com.ar\/diario\/wp-json\/wp\/v2\/categories?post=34111"},{"taxonomy":"post_tag","embeddable":true,"href":"https:\/\/armstrongyregion.com.ar\/diario\/wp-json\/wp\/v2\/tags?post=34111"}],"curies":[{"name":"wp","href":"https:\/\/api.w.org\/{rel}","templated":true}]}}