{"id":34105,"date":"2022-04-27T23:08:21","date_gmt":"2022-04-27T23:08:21","guid":{"rendered":"https:\/\/armstrongyregion.com.ar\/diario\/?p=34105"},"modified":"2022-04-27T23:08:22","modified_gmt":"2022-04-27T23:08:22","slug":"gestiones-para-los-vecinos-de-la-ruta-91","status":"publish","type":"post","link":"https:\/\/armstrongyregion.com.ar\/diario\/gestiones-para-los-vecinos-de-la-ruta-91\/","title":{"rendered":"Gestiones para los vecinos de la Ruta 91."},"content":{"rendered":"\n<figure class=\"wp-block-image size-large\"><img loading=\"lazy\" decoding=\"async\" width=\"480\" height=\"270\" src=\"http:\/\/armstrongyregion.com.ar\/diario\/wp-content\/uploads\/2022\/04\/Ruta91.jpg\" alt=\"\" class=\"wp-image-34106\" srcset=\"https:\/\/armstrongyregion.com.ar\/diario\/wp-content\/uploads\/2022\/04\/Ruta91.jpg 480w, https:\/\/armstrongyregion.com.ar\/diario\/wp-content\/uploads\/2022\/04\/Ruta91-300x169.jpg 300w\" sizes=\"auto, (max-width: 480px) 100vw, 480px\" \/><\/figure>\n\n\n\n<p>\nEste mi\u00e9rcoles el Senador Hugo Rasetto particip\u00f3 junto a los\nPresidentes Comunales de Serodino y Oliveros, el Diputado Gabriel\nReal y el asesor del Poder Ejecutivo, Rub\u00e9n Michlig, de una reuni\u00f3n\ncon el ministro de Gesti\u00f3n P\u00fablica de la provincia, Marcos Corach,\npara buscar soluciones al problema que sufren los vecinos de la Ruta\n91.<\/p>\n\n\n\n<p>\u201cAgradecemos la\nconvocatoria del ministro Corach y esperamos la reuni\u00f3n del viernes\npara evaluar el trabajo que se viene haciendo. Queremos que se le\npreste atenci\u00f3n a las obras del departamento: la circunvalaci\u00f3n de\nSerodino, la rotonda de la ruta 91 y la 11 y el desv\u00edo del camino\nconocido como Giardino\u201d indic\u00f3 Rasetto, al tiempo que record\u00f3 que\n\u201cson obras que venimos gestionando desde hace a\u00f1os, incluso, la\ncircunvalaci\u00f3n a Serodino y la rotonda de la 91, las incluimos en el\nendeudamiento del 2017 y los proyectos ya est\u00e1n realizados.\nSeguiremos gestionando hasta que deje de ser un problema para los\nvecinos\u201d.<\/p>\n","protected":false},"excerpt":{"rendered":"<p>Este mi\u00e9rcoles el Senador Hugo Rasetto particip\u00f3 junto a los Presidentes Comunales de Serodino y Oliveros, el Diputado Gabriel Real y el asesor del Poder Ejecutivo, Rub\u00e9n Michlig, de una reuni\u00f3n con el ministro de Gesti\u00f3n P\u00fablica de la provincia, Marcos Corach, para buscar soluciones al problema que sufren los vecinos de la Ruta 91. <a href=\"https:\/\/armstrongyregion.com.ar\/diario\/gestiones-para-los-vecinos-de-la-ruta-91\/\" title=\"Read more\" >&#8230;<\/a><\/p>\n","protected":false},"author":1,"featured_media":34106,"comment_status":"open","ping_status":"open","sticky":false,"template":"","format":"image","meta":{"_jetpack_memberships_contains_paid_content":false,"footnotes":"","jetpack_publicize_message":"","jetpack_publicize_feature_enabled":true,"jetpack_social_post_already_shared":true,"jetpack_social_options":{"image_generator_settings":{"template":"highway","default_image_id":0,"enabled":false},"version":2}},"categories":[8,1,7,3],"tags":[],"class_list":["post-34105","post","type-post","status-publish","format-image","has-post-thumbnail","hentry","category-deliberando","category-diario-armstrong","category-politica","category-region","post_format-post-format-image"],"jetpack_publicize_connections":[],"jetpack_featured_media_url":"https:\/\/armstrongyregion.com.ar\/diario\/wp-content\/uploads\/2022\/04\/Ruta91.jpg","jetpack_shortlink":"https:\/\/wp.me\/p62QDO-8S5","jetpack_sharing_enabled":true,"amp_enabled":true,"_links":{"self":[{"href":"https:\/\/armstrongyregion.com.ar\/diario\/wp-json\/wp\/v2\/posts\/34105","targetHints":{"allow":["GET"]}}],"collection":[{"href":"https:\/\/armstrongyregion.com.ar\/diario\/wp-json\/wp\/v2\/posts"}],"about":[{"href":"https:\/\/armstrongyregion.com.ar\/diario\/wp-json\/wp\/v2\/types\/post"}],"author":[{"embeddable":true,"href":"https:\/\/armstrongyregion.com.ar\/diario\/wp-json\/wp\/v2\/users\/1"}],"replies":[{"embeddable":true,"href":"https:\/\/armstrongyregion.com.ar\/diario\/wp-json\/wp\/v2\/comments?post=34105"}],"version-history":[{"count":1,"href":"https:\/\/armstrongyregion.com.ar\/diario\/wp-json\/wp\/v2\/posts\/34105\/revisions"}],"predecessor-version":[{"id":34107,"href":"https:\/\/armstrongyregion.com.ar\/diario\/wp-json\/wp\/v2\/posts\/34105\/revisions\/34107"}],"wp:featuredmedia":[{"embeddable":true,"href":"https:\/\/armstrongyregion.com.ar\/diario\/wp-json\/wp\/v2\/media\/34106"}],"wp:attachment":[{"href":"https:\/\/armstrongyregion.com.ar\/diario\/wp-json\/wp\/v2\/media?parent=34105"}],"wp:term":[{"taxonomy":"category","embeddable":true,"href":"https:\/\/armstrongyregion.com.ar\/diario\/wp-json\/wp\/v2\/categories?post=34105"},{"taxonomy":"post_tag","embeddable":true,"href":"https:\/\/armstrongyregion.com.ar\/diario\/wp-json\/wp\/v2\/tags?post=34105"}],"curies":[{"name":"wp","href":"https:\/\/api.w.org\/{rel}","templated":true}]}}